{"id":1000,"date":"2012-06-29T06:28:19","date_gmt":"2012-06-29T04:28:19","guid":{"rendered":"http:\/\/kg-saarland.gdpbundespolizei.de\/?p=785"},"modified":"2012-06-29T06:28:19","modified_gmt":"2012-06-29T04:28:19","slug":"weite-arbeitswege-krank","status":"publish","type":"post","link":"https:\/\/kg-saarland.gdpbundespolizeikoblenz.de\/?p=1000","title":{"rendered":"Gesundheitsreport: Weite Arbeitswege machen krank"},"content":{"rendered":"<p>Das Schwerpunktkapitel des diesj\u00e4hrigen <a title=\"Gesundheitsreport TK\" href=\"http:\/\/www.tk.de\/tk\/broschueren-und-mehr\/studien-und-auswertungen\/gesundheitsreport-2012\/449296\" target=\"_blank\">Gesundheitsreports der Techniker Krankenkasse<\/a> identifiziert einen eindeutigen Risikofaktor f\u00fcr psychische Erkrankungen: die Mobilit\u00e4t. F\u00fcr den vorliegenden Bericht wurde erstmals die Entfernung vom Wohn- zum Arbeitsort der Besch\u00e4ftigten herangezogen. Die Daten zeigen: Berufspendler, zu denen etwa 45 Prozent der Besch\u00e4ftigten in Deutschland z\u00e4hlen, sind seltener und insgesamt weniger krankgeschrieben, als wohnortnah arbeitende Erwerbst\u00e4tige. Sie sind jedoch h\u00e4ufiger und langwieriger von psychischen Erkrankungen betroffen. Dieses Risiko nimmt nicht nur mit jedem weiteren Wohnortwechsel zu, sondern steigt auch mit dem Alter.<\/p>\n<p>Es w\u00e4re damit im Rahmen eines beh\u00f6rdlichen Gesundheitsmanagements geboten, die gesundheitlichen Ressourcen der Besch\u00e4ftigten zu erhalten und zu f\u00f6rdern. Dabei geht es darum, Strategien zu entwickeln, die Arbeit der Besch\u00e4ftigten ges\u00fcnder zu gestalten, zum Beispiel mit einer variablen Arbeitszeitgestaltung. Bei den Themen Mobilit\u00e4t und Flexibilit\u00e4t werden deshalb k\u00fcnftig mehr denn je auch die Arbeitgeber gefordert sein. Der Bericht belegt zudem, dass Menschen in den Ballungsr\u00e4umen \u00fcberdurchschnittlich h\u00e4ufig aufgrund psychischer Leiden krankgeschrieben werden.<\/p>\n<p><strong>F\u00fcr die Bundespolizei hat bereits die Studie \u201cKLARTEXT\u201d dargestellt, dass zu den schwierigen beruflichen Rahmenbedingungen auch die Belastungssituation der Fernpendler ein Problem ist.\u00a0\u00a0\u00a0\u00a0\u00a0\u00a0\u00a0\u00a0 <a href=\"http:\/\/www.gdpbundespolizei.de\/2012\/06\/gesundheitsreport-weite-arbeitswege-machen-krank\/\" target=\"_blank\">Weiterlesen<\/a><\/strong><a href=\"http:\/\/www.gdpbundespolizei.de\/2012\/06\/gesundheitsreport-weite-arbeitswege-machen-krank\/\" target=\"_blank\"> &#8230;.<\/a><\/p>\n","protected":false},"excerpt":{"rendered":"<p>Das Schwerpunktkapitel des diesj\u00e4hrigen Gesundheitsreports der Techniker Krankenkasse identifiziert einen eindeutigen Risikofaktor f\u00fcr psychische Erkrankungen: die Mobilit\u00e4t. F\u00fcr den vorliegenden Bericht wurde erstmals die Entfernung vom Wohn- zum Arbeitsort der Besch\u00e4ftigten herangezogen. Die Daten zeigen: Berufspendler, zu denen etwa 45 Prozent der Besch\u00e4ftigten in Deutschland z\u00e4hlen, sind seltener und insgesamt <a class=\"more-link\" href=\"https:\/\/kg-saarland.gdpbundespolizeikoblenz.de\/?p=1000\">Weiterlesen<span class=\"screen-reader-text\">Gesundheitsreport: Weite Arbeitswege machen krank<\/span><span class=\"meta-nav\">&rarr;<\/span><\/a><\/p>\n","protected":false},"author":1,"featured_media":0,"comment_status":"closed","ping_status":"closed","sticky":false,"template":"","format":"standard","meta":{"footnotes":""},"categories":[10,1],"tags":[],"class_list":["post-1000","post","type-post","status-publish","format-standard","hentry","category-allgemein","category-uncategorized"],"_links":{"self":[{"href":"https:\/\/kg-saarland.gdpbundespolizeikoblenz.de\/index.php?rest_route=\/wp\/v2\/posts\/1000","targetHints":{"allow":["GET"]}}],"collection":[{"href":"https:\/\/kg-saarland.gdpbundespolizeikoblenz.de\/index.php?rest_route=\/wp\/v2\/posts"}],"about":[{"href":"https:\/\/kg-saarland.gdpbundespolizeikoblenz.de\/index.php?rest_route=\/wp\/v2\/types\/post"}],"author":[{"embeddable":true,"href":"https:\/\/kg-saarland.gdpbundespolizeikoblenz.de\/index.php?rest_route=\/wp\/v2\/users\/1"}],"replies":[{"embeddable":true,"href":"https:\/\/kg-saarland.gdpbundespolizeikoblenz.de\/index.php?rest_route=%2Fwp%2Fv2%2Fcomments&post=1000"}],"version-history":[{"count":0,"href":"https:\/\/kg-saarland.gdpbundespolizeikoblenz.de\/index.php?rest_route=\/wp\/v2\/posts\/1000\/revisions"}],"wp:attachment":[{"href":"https:\/\/kg-saarland.gdpbundespolizeikoblenz.de\/index.php?rest_route=%2Fwp%2Fv2%2Fmedia&parent=1000"}],"wp:term":[{"taxonomy":"category","embeddable":true,"href":"https:\/\/kg-saarland.gdpbundespolizeikoblenz.de\/index.php?rest_route=%2Fwp%2Fv2%2Fcategories&post=1000"},{"taxonomy":"post_tag","embeddable":true,"href":"https:\/\/kg-saarland.gdpbundespolizeikoblenz.de\/index.php?rest_route=%2Fwp%2Fv2%2Ftags&post=1000"}],"curies":[{"name":"wp","href":"https:\/\/api.w.org\/{rel}","templated":true}]}}