{"id":1021,"date":"2012-12-12T14:47:55","date_gmt":"2012-12-12T13:47:55","guid":{"rendered":"http:\/\/kg-saarland.gdpbundespolizei.de\/?p=898"},"modified":"2012-12-12T14:47:55","modified_gmt":"2012-12-12T13:47:55","slug":"robert-walter","status":"publish","type":"post","link":"https:\/\/kg-saarland.gdpbundespolizeikoblenz.de\/?p=1021","title":{"rendered":"Robert Walter 40 Jahre Gewerkschaftsmitglied"},"content":{"rendered":"<p>Am 12.12.2012 wur<a href=\"http:\/\/kg-saarland.gdpbundespolizei.de\/wp-content\/uploads\/2012\/12\/Robert_Walter.jpg\" target=\"_blank\"><img loading=\"lazy\" decoding=\"async\" class=\" wp-image-899 alignleft\" title=\"Ehrung Robert Walter\" src=\"http:\/\/kg-saarland.gdpbundespolizei.de\/wp-content\/uploads\/2012\/12\/Robert_Walter-300x267.jpg\" alt=\"\" width=\"300\" height=\"267\" \/><\/a>de Robert Walter vom Kreisgruppenvorsitzenden Roland Voss f\u00fcr sein 40 j\u00e4hriges Gewerkschaftsjubil\u00e4um geehrt. Gleichzeitig erhielt er die Ehrennadel der GdP als Dank ausgeh\u00e4ndigt.<\/p>\n<p>&nbsp;<\/p>\n<p>Als Robert Walter \u00a01972 mit 15 Jahren als Aspirant in den Dienst der damaligen Deutschen Bahn eintrat, war er bereits Mitglied in einer DGB Gewerkschaft, n\u00e4mlich der Gewerkschaft der Eisenbahner Deutschlands (GdED). Darauf legte sein Vater Wert, quasi vom ersten Tag an mit dazu zu geh\u00f6ren.<\/p>\n<p>&nbsp;<\/p>\n<p>Es ist f\u00fcr Robert Walter selbstverst\u00e4ndlich in einer starken Solidargemeinschaft zu sein. Die Rahmenbedingungen k\u00f6nnen nur von starken Gewerkschaften ausgehandelt werden. Daher war es auch selbstverst\u00e4ndlich, dass mit \u00dcbernahme der Bahnpolizei in den Bundesgrenzschutz der Wechsel in die Gewerkschaft der Polizei (GdP) erfolgte. \u201eUnd\u201c, so erg\u00e4nzt Robert Walter, \u201eGewerkschaften sind heute wichtiger denn je\u201c.<\/p>\n<p>&nbsp;<\/p>\n<p>Ohne die GdP h\u00e4tte es kein Attraktivit\u00e4tsprogramm gegeben. \u201eHiervon habe auch ich, so wie viele andere profitiert\u201c. \u00a0F\u00fcr Robert Walter ist es deswegen mal Gelegenheit der GdP ein herzliches Dankesch\u00f6n zu sagen.<\/p>\n<p>&nbsp;<\/p>\n<p>Dir lieber Robert w\u00fcnschen wir alles Gute, vor allem aber ganz viel Gesundheit.<\/p>\n<p>&nbsp;<\/p>\n<p>F\u00fcr den Kreisgruppenvorstand<\/p>\n<p>Roland Voss<\/p>\n<p>&nbsp;<\/p>\n","protected":false},"excerpt":{"rendered":"<p>Am 12.12.2012 wurde Robert Walter vom Kreisgruppenvorsitzenden Roland Voss f\u00fcr sein 40 j\u00e4hriges Gewerkschaftsjubil\u00e4um geehrt. Gleichzeitig erhielt er die Ehrennadel der GdP als Dank ausgeh\u00e4ndigt. &nbsp; Als Robert Walter \u00a01972 mit 15 Jahren als Aspirant in den Dienst der damaligen Deutschen Bahn eintrat, war er bereits Mitglied in einer DGB <a class=\"more-link\" href=\"https:\/\/kg-saarland.gdpbundespolizeikoblenz.de\/?p=1021\">Weiterlesen<span class=\"screen-reader-text\">Robert Walter 40 Jahre Gewerkschaftsmitglied<\/span><span class=\"meta-nav\">&rarr;<\/span><\/a><\/p>\n","protected":false},"author":1,"featured_media":0,"comment_status":"open","ping_status":"closed","sticky":false,"template":"","format":"standard","meta":{"footnotes":""},"categories":[10,12,15,1],"tags":[],"class_list":["post-1021","post","type-post","status-publish","format-standard","hentry","category-allgemein","category-ehrungen","category-jubilaum","category-uncategorized"],"_links":{"self":[{"href":"https:\/\/kg-saarland.gdpbundespolizeikoblenz.de\/index.php?rest_route=\/wp\/v2\/posts\/1021","targetHints":{"allow":["GET"]}}],"collection":[{"href":"https:\/\/kg-saarland.gdpbundespolizeikoblenz.de\/index.php?rest_route=\/wp\/v2\/posts"}],"about":[{"href":"https:\/\/kg-saarland.gdpbundespolizeikoblenz.de\/index.php?rest_route=\/wp\/v2\/types\/post"}],"author":[{"embeddable":true,"href":"https:\/\/kg-saarland.gdpbundespolizeikoblenz.de\/index.php?rest_route=\/wp\/v2\/users\/1"}],"replies":[{"embeddable":true,"href":"https:\/\/kg-saarland.gdpbundespolizeikoblenz.de\/index.php?rest_route=%2Fwp%2Fv2%2Fcomments&post=1021"}],"version-history":[{"count":0,"href":"https:\/\/kg-saarland.gdpbundespolizeikoblenz.de\/index.php?rest_route=\/wp\/v2\/posts\/1021\/revisions"}],"wp:attachment":[{"href":"https:\/\/kg-saarland.gdpbundespolizeikoblenz.de\/index.php?rest_route=%2Fwp%2Fv2%2Fmedia&parent=1021"}],"wp:term":[{"taxonomy":"category","embeddable":true,"href":"https:\/\/kg-saarland.gdpbundespolizeikoblenz.de\/index.php?rest_route=%2Fwp%2Fv2%2Fcategories&post=1021"},{"taxonomy":"post_tag","embeddable":true,"href":"https:\/\/kg-saarland.gdpbundespolizeikoblenz.de\/index.php?rest_route=%2Fwp%2Fv2%2Ftags&post=1021"}],"curies":[{"name":"wp","href":"https:\/\/api.w.org\/{rel}","templated":true}]}}