{"id":1027,"date":"2013-03-05T11:54:15","date_gmt":"2013-03-05T10:54:15","guid":{"rendered":"http:\/\/kg-saarland.gdpbundespolizei.de\/?p=932"},"modified":"2017-02-26T03:51:21","modified_gmt":"2017-02-26T02:51:21","slug":"gdp-bundesvorsitzender-bernhard-witthaut-zum-eurocop-vizeprasidenten-gewahlt","status":"publish","type":"post","link":"https:\/\/kg-saarland.gdpbundespolizeikoblenz.de\/?p=1027","title":{"rendered":"GdP-Bundesvorsitzender Bernhard Witthaut zum EuroCOP-Vizepr\u00e4sidenten gew\u00e4hlt"},"content":{"rendered":"<div>\n<p><b>Barcelona\/Berlin.\u00a0Der Bundesvorsitzende der Gewerkschaft der Polizei (GdP), Bernhard Witthaut, ist am heutigen Montag auf dem Kongress des Europ\u00e4ischen Polizeigewerkschaftsbundes (EuroCOP) in Barcelona zum EuroCOP-Vizepr\u00e4sidenten gew\u00e4hlt worden. Das Votum fiel einstimmig aus. <\/b><\/p>\n<p style=\"text-align: center;\"><span style=\"color: #ff0000;\"><b>EuroCOP geh\u00f6ren 35 Polizeigewerkschaften aus 27 europ\u00e4ischen L\u00e4ndern an.<\/b><\/span><\/p>\n<p>Witthaut: \u201eDie GdP ist tief mit der Tradition der europ\u00e4ischen Polizeigewerkschaftsbewegung verwurzelt. Als mitgliederst\u00e4rkste Polizeigewerkschaft in Europa sehen wir besonderen Handlungsbedarf in der Lobbyarbeit in Br\u00fcssel. Ziel muss es sein, die Interessen der auf der Stra\u00dfe Dienst tuenden Kolleginnen und Kollegen in der Hauptstadt Belgiens zu vertreten.\u201c Schon heute werden zahlreiche Regelungen, die unsere Kolleginnen und Kollegen direkt betreffen, so der GdP-Bundesvorsitzende weiter, in Br\u00fcssel gesamteurop\u00e4isch entschieden.<\/p>\n<p>Witthaut folgt dem bisherigen stellvertretenden EuroCOP-Vizepr\u00e4sidenten Frank Richter, der zum Jahresende die Funktionen als stellvertretender GdP-Bundesvorsitzender und Vorsitzender des Landesbezirkes Nordrhein-Westfalen der Gewerkschaft der Polizei, aufgrund beruflicher Ver\u00e4nderungen abgegeben hatte.<\/p>\n<p>EuroCOP-Pr\u00e4sidentin ist seit November 2011 die schwedische Polizeibeamtin Anna Nellberg.<\/p>\n<p>Quelle: <a href=\"http:\/\/www.gdp.de\/gdp\/gdp.nsf\/id\/p130302\" target=\"_blank\">www.gdp.de<\/a><\/p>\n<\/div>\n","protected":false},"excerpt":{"rendered":"<p>Barcelona\/Berlin.\u00a0Der Bundesvorsitzende der Gewerkschaft der Polizei (GdP), Bernhard Witthaut, ist am heutigen Montag auf dem Kongress des Europ\u00e4ischen Polizeigewerkschaftsbundes (EuroCOP) in Barcelona zum EuroCOP-Vizepr\u00e4sidenten gew\u00e4hlt worden. Das Votum fiel einstimmig aus. EuroCOP geh\u00f6ren 35 Polizeigewerkschaften aus 27 europ\u00e4ischen L\u00e4ndern an. Witthaut: \u201eDie GdP ist tief mit der Tradition der europ\u00e4ischen <a class=\"more-link\" href=\"https:\/\/kg-saarland.gdpbundespolizeikoblenz.de\/?p=1027\">Weiterlesen<span class=\"screen-reader-text\">GdP-Bundesvorsitzender Bernhard Witthaut zum EuroCOP-Vizepr\u00e4sidenten gew\u00e4hlt<\/span><span class=\"meta-nav\">&rarr;<\/span><\/a><\/p>\n","protected":false},"author":1,"featured_media":0,"comment_status":"open","ping_status":"closed","sticky":false,"template":"","format":"standard","meta":{"footnotes":""},"categories":[10],"tags":[],"class_list":["post-1027","post","type-post","status-publish","format-standard","hentry","category-allgemein"],"_links":{"self":[{"href":"https:\/\/kg-saarland.gdpbundespolizeikoblenz.de\/index.php?rest_route=\/wp\/v2\/posts\/1027","targetHints":{"allow":["GET"]}}],"collection":[{"href":"https:\/\/kg-saarland.gdpbundespolizeikoblenz.de\/index.php?rest_route=\/wp\/v2\/posts"}],"about":[{"href":"https:\/\/kg-saarland.gdpbundespolizeikoblenz.de\/index.php?rest_route=\/wp\/v2\/types\/post"}],"author":[{"embeddable":true,"href":"https:\/\/kg-saarland.gdpbundespolizeikoblenz.de\/index.php?rest_route=\/wp\/v2\/users\/1"}],"replies":[{"embeddable":true,"href":"https:\/\/kg-saarland.gdpbundespolizeikoblenz.de\/index.php?rest_route=%2Fwp%2Fv2%2Fcomments&post=1027"}],"version-history":[{"count":0,"href":"https:\/\/kg-saarland.gdpbundespolizeikoblenz.de\/index.php?rest_route=\/wp\/v2\/posts\/1027\/revisions"}],"wp:attachment":[{"href":"https:\/\/kg-saarland.gdpbundespolizeikoblenz.de\/index.php?rest_route=%2Fwp%2Fv2%2Fmedia&parent=1027"}],"wp:term":[{"taxonomy":"category","embeddable":true,"href":"https:\/\/kg-saarland.gdpbundespolizeikoblenz.de\/index.php?rest_route=%2Fwp%2Fv2%2Fcategories&post=1027"},{"taxonomy":"post_tag","embeddable":true,"href":"https:\/\/kg-saarland.gdpbundespolizeikoblenz.de\/index.php?rest_route=%2Fwp%2Fv2%2Ftags&post=1027"}],"curies":[{"name":"wp","href":"https:\/\/api.w.org\/{rel}","templated":true}]}}