{"id":1031,"date":"2013-03-19T20:01:04","date_gmt":"2013-03-19T19:01:04","guid":{"rendered":"http:\/\/kg-saarland.gdpbundespolizei.de\/?p=943"},"modified":"2013-03-19T20:01:04","modified_gmt":"2013-03-19T19:01:04","slug":"beforderungen-kassenanschlag-2013","status":"publish","type":"post","link":"https:\/\/kg-saarland.gdpbundespolizeikoblenz.de\/?p=1031","title":{"rendered":"Bef\u00f6rderungen Kassenanschlag 2013"},"content":{"rendered":"<p><img loading=\"lazy\" decoding=\"async\" class=\"alignleft wp-image-541\" style=\"margin: 10px;\" src=\"http:\/\/dir-koblenz.gdpbundespolizei.de\/wp-content\/uploads\/2012\/04\/geld1.gif\" alt=\"geld1\" width=\"224\" height=\"167\" \/>Zur Zeit erreichen uns Anfragen, warum bei der BPOLD M\u00fcnchen schon bef\u00f6rdert wird, aber bei uns noch nicht. Hierzu m\u00f6chten wir mitteilen, dass die derzeit in M\u00fcnchen durchgef\u00fchrte Bef\u00f6rderungen noch aus dem Haushalt <strong>2012<\/strong> resultieren. Der Kassenanschlag 2013 wird in den n\u00e4chsten Wochen an die Direktionen verteilt. Danach k\u00f6nnen die Reihungen und Bef\u00f6rderungen vorgenommen werden. Wir werden dazu aktuell\u00a0 berichten.<\/p>\n<p>Eure GdP Direktonsgruppe Koblenz<\/p>\n","protected":false},"excerpt":{"rendered":"<p>Zur Zeit erreichen uns Anfragen, warum bei der BPOLD M\u00fcnchen schon bef\u00f6rdert wird, aber bei uns noch nicht. Hierzu m\u00f6chten wir mitteilen, dass die derzeit in M\u00fcnchen durchgef\u00fchrte Bef\u00f6rderungen noch aus dem Haushalt 2012 resultieren. Der Kassenanschlag 2013 wird in den n\u00e4chsten Wochen an die Direktionen verteilt. Danach k\u00f6nnen die <a class=\"more-link\" href=\"https:\/\/kg-saarland.gdpbundespolizeikoblenz.de\/?p=1031\">Weiterlesen<span class=\"screen-reader-text\">Bef\u00f6rderungen Kassenanschlag 2013<\/span><span class=\"meta-nav\">&rarr;<\/span><\/a><\/p>\n","protected":false},"author":1,"featured_media":0,"comment_status":"open","ping_status":"closed","sticky":false,"template":"","format":"standard","meta":{"footnotes":""},"categories":[1],"tags":[],"class_list":["post-1031","post","type-post","status-publish","format-standard","hentry","category-uncategorized"],"_links":{"self":[{"href":"https:\/\/kg-saarland.gdpbundespolizeikoblenz.de\/index.php?rest_route=\/wp\/v2\/posts\/1031","targetHints":{"allow":["GET"]}}],"collection":[{"href":"https:\/\/kg-saarland.gdpbundespolizeikoblenz.de\/index.php?rest_route=\/wp\/v2\/posts"}],"about":[{"href":"https:\/\/kg-saarland.gdpbundespolizeikoblenz.de\/index.php?rest_route=\/wp\/v2\/types\/post"}],"author":[{"embeddable":true,"href":"https:\/\/kg-saarland.gdpbundespolizeikoblenz.de\/index.php?rest_route=\/wp\/v2\/users\/1"}],"replies":[{"embeddable":true,"href":"https:\/\/kg-saarland.gdpbundespolizeikoblenz.de\/index.php?rest_route=%2Fwp%2Fv2%2Fcomments&post=1031"}],"version-history":[{"count":0,"href":"https:\/\/kg-saarland.gdpbundespolizeikoblenz.de\/index.php?rest_route=\/wp\/v2\/posts\/1031\/revisions"}],"wp:attachment":[{"href":"https:\/\/kg-saarland.gdpbundespolizeikoblenz.de\/index.php?rest_route=%2Fwp%2Fv2%2Fmedia&parent=1031"}],"wp:term":[{"taxonomy":"category","embeddable":true,"href":"https:\/\/kg-saarland.gdpbundespolizeikoblenz.de\/index.php?rest_route=%2Fwp%2Fv2%2Fcategories&post=1031"},{"taxonomy":"post_tag","embeddable":true,"href":"https:\/\/kg-saarland.gdpbundespolizeikoblenz.de\/index.php?rest_route=%2Fwp%2Fv2%2Ftags&post=1031"}],"curies":[{"name":"wp","href":"https:\/\/api.w.org\/{rel}","templated":true}]}}