{"id":1388,"date":"2015-12-31T11:13:21","date_gmt":"2015-12-31T10:13:21","guid":{"rendered":"http:\/\/kg-saarland.gdpbundespolizei.de\/?p=1388"},"modified":"2017-02-26T03:22:40","modified_gmt":"2017-02-26T02:22:40","slug":"so-war-unser-gewerkschaftsjahr-2015","status":"publish","type":"post","link":"https:\/\/kg-saarland.gdpbundespolizeikoblenz.de\/?p=1388","title":{"rendered":"So war unser Gewerkschaftsjahr 2015"},"content":{"rendered":"<p>Gewerkschaftseinsatz f\u00fcr die Kolleginnen und Kollegen findet auf vielen Ebenen statt \u2013 in der Dienststelle durch Rat, Information und pers\u00f6nliche Hilfe der Vertrauensleute und Kreisgruppen, durch Verhandlungsgeschick und Einfluss gegen\u00fcber den Direktionsleitungen, aber auch in der \u201egro\u00dfen Politik\u201c, die die Rahmenbedingungen f\u00fcr uns alle setzt, also gegen\u00fcber dem Innenministerium, dem Parlament, aber auch den Medien und der \u00d6ffentlichkeit.<\/p>\n<p><a href=\"http:\/\/www.gdpbundespolizei.de\/2015\/12\/so-war-unser-gewerkschaftsjahr-2015\/\" target=\"_blank\">mehr<\/a><\/p>\n","protected":false},"excerpt":{"rendered":"<p>Gewerkschaftseinsatz f\u00fcr die Kolleginnen und Kollegen findet auf vielen Ebenen statt \u2013 in der Dienststelle durch Rat, Information und pers\u00f6nliche Hilfe der Vertrauensleute und Kreisgruppen, durch Verhandlungsgeschick und Einfluss gegen\u00fcber den Direktionsleitungen, aber auch in der \u201egro\u00dfen Politik\u201c, die die Rahmenbedingungen f\u00fcr uns alle setzt, also gegen\u00fcber dem Innenministerium, dem <a class=\"more-link\" href=\"https:\/\/kg-saarland.gdpbundespolizeikoblenz.de\/?p=1388\">Weiterlesen<span class=\"screen-reader-text\">So war unser Gewerkschaftsjahr 2015<\/span><span class=\"meta-nav\">&rarr;<\/span><\/a><\/p>\n","protected":false},"author":1,"featured_media":0,"comment_status":"closed","ping_status":"closed","sticky":false,"template":"","format":"standard","meta":{"footnotes":""},"categories":[10,11],"tags":[],"class_list":["post-1388","post","type-post","status-publish","format-standard","hentry","category-allgemein","category-archiv"],"_links":{"self":[{"href":"https:\/\/kg-saarland.gdpbundespolizeikoblenz.de\/index.php?rest_route=\/wp\/v2\/posts\/1388","targetHints":{"allow":["GET"]}}],"collection":[{"href":"https:\/\/kg-saarland.gdpbundespolizeikoblenz.de\/index.php?rest_route=\/wp\/v2\/posts"}],"about":[{"href":"https:\/\/kg-saarland.gdpbundespolizeikoblenz.de\/index.php?rest_route=\/wp\/v2\/types\/post"}],"author":[{"embeddable":true,"href":"https:\/\/kg-saarland.gdpbundespolizeikoblenz.de\/index.php?rest_route=\/wp\/v2\/users\/1"}],"replies":[{"embeddable":true,"href":"https:\/\/kg-saarland.gdpbundespolizeikoblenz.de\/index.php?rest_route=%2Fwp%2Fv2%2Fcomments&post=1388"}],"version-history":[{"count":0,"href":"https:\/\/kg-saarland.gdpbundespolizeikoblenz.de\/index.php?rest_route=\/wp\/v2\/posts\/1388\/revisions"}],"wp:attachment":[{"href":"https:\/\/kg-saarland.gdpbundespolizeikoblenz.de\/index.php?rest_route=%2Fwp%2Fv2%2Fmedia&parent=1388"}],"wp:term":[{"taxonomy":"category","embeddable":true,"href":"https:\/\/kg-saarland.gdpbundespolizeikoblenz.de\/index.php?rest_route=%2Fwp%2Fv2%2Fcategories&post=1388"},{"taxonomy":"post_tag","embeddable":true,"href":"https:\/\/kg-saarland.gdpbundespolizeikoblenz.de\/index.php?rest_route=%2Fwp%2Fv2%2Ftags&post=1388"}],"curies":[{"name":"wp","href":"https:\/\/api.w.org\/{rel}","templated":true}]}}