{"id":1701,"date":"2017-04-13T15:39:10","date_gmt":"2017-04-13T13:39:10","guid":{"rendered":"http:\/\/kg-saarland.gdpbundespolizeikoblenz.de\/?p=1701"},"modified":"2017-04-13T20:52:24","modified_gmt":"2017-04-13T18:52:24","slug":"frohe-ostern","status":"publish","type":"post","link":"https:\/\/kg-saarland.gdpbundespolizeikoblenz.de\/?p=1701","title":{"rendered":"Frohe Ostern"},"content":{"rendered":"<div id=\"attachment_12852\" class=\"wp-caption alignleft\" style=\"width: 262px;\">\n<p><img loading=\"lazy\" decoding=\"async\" class=\"wp-image-12852\" src=\"http:\/\/gdpbundespolizeikoblenz.de\/wp-content\/uploads\/2017\/04\/236196_web_R_K_B_by_delater_pixelio.de_3-300x225.jpg\" width=\"252\" height=\"189\" \/><\/p>\n<p class=\"wp-caption-text\">Foto: R_K_B_by_delater_pixelio.de<\/p>\n<\/div>\n<p>Liebe Kolleginnen und Kollegen,<\/p>\n<p>zum bevorstehenden Osterfest m\u00f6chten wir euch und euren Familien alles erdenkliche Gute, Gl\u00fcck und Zufriedenheit w\u00fcnschen.<\/p>\n<p>Allen Kolleginnen und Kollegen, die \u00fcber die Osterfeiertage im Dienst an den Grenzen unseres Landes, auf Flugh\u00e4fen, Bahnh\u00f6fen, Autobahnen, auf hoher See und in den Verb\u00e4nden eingebunden sind, w\u00fcnschen wir\u00a0 einen ruhigen und friedlichen Dienst.<\/p>\n<p>Das Jahr 2017 h\u00e4lt f\u00fcr uns wieder viele Herausforderungen bereit, allen voran der G20-Gipfel in Hamburg im Sommer, bei dem die GdP unsere eingesetzten Kolleginnen und Kollegen vor Ort tatkr\u00e4ftig unterst\u00fctzen wird. Bereits jetzt wollen wir den Beamtinnen und Beamten aller Polizeikr\u00e4fte vor Ort unseren Dank f\u00fcr ihre Arbeit an diesen besonders belastenden Tagen ausdr\u00fccken!<\/p>\n<p>Diesen und kommenden Herausforderungen im Jahr 2017 wird sich die Gewerkschaft der Polizei, Bezirk Bundespolizei, auch weiterhin im Interesse unserer Kolleginnen und Kollegen konsequent stellen. Dass wir dabei \u00fcber ein gro\u00dfes Potential verf\u00fcgen, haben unsere Aktivit\u00e4ten auf der politischen B\u00fchne bis hin zu unserer Arbeit auf der Stra\u00dfe wieder einmal deutlich gezeigt.<\/p>\n<p>Ein positives Beispiel:\u00a0 in K\u00fcrze sollen die bundesweiten Ausschreibungen f\u00fcr 400 der beschlossenen 800 zus\u00e4tzlichen Hebungsdienstposten aus dem Haushalt 2017 vom mittleren in den gehobenen Dienst starten. Es ist geplant im Oktober mit 400 KollegInnen zu beginnen und im Fr\u00fchjahr 2018 die anderen 400 KollegInnen aufsteigen zu lassen.<\/p>\n<p>Das nun vor uns liegende Osterfest sollte eine kleine Verschnaufpause darstellen, um im Kreise unserer Familien und Freunde Kraft f\u00fcr die kommende Zeit zu sch\u00f6pfen.<\/p>\n<p>Wir w\u00fcnschen euch und euren Familien daher erholsame Tage \u00fcber Ostern.<\/p>\n<p>Eure GdP, Bezirk Bundespolizei<\/p>\n<p><a class=\"a2a_dd addtoany_share_save\" href=\"https:\/\/www.addtoany.com\/share#url=http%3A%2F%2Fwww.gdpbundespolizei.de%2F2017%2F04%2F12851%2F&amp;title=\">&#8230;<\/a><br \/>\nSource: RSS aus GdP Bundespolizei<\/p>\n","protected":false},"excerpt":{"rendered":"<p>Foto: R_K_B_by_delater_pixelio.de Liebe Kolleginnen und Kollegen, zum bevorstehenden Osterfest m\u00f6chten wir euch und euren Familien alles erdenkliche Gute, Gl\u00fcck und Zufriedenheit w\u00fcnschen. Allen Kolleginnen und Kollegen, die \u00fcber die Osterfeiertage im Dienst an den Grenzen unseres Landes, auf Flugh\u00e4fen, Bahnh\u00f6fen, Autobahnen, auf hoher See und in den Verb\u00e4nden eingebunden sind, <a class=\"more-link\" href=\"https:\/\/kg-saarland.gdpbundespolizeikoblenz.de\/?p=1701\">Weiterlesen<span class=\"screen-reader-text\">Frohe Ostern<\/span><span class=\"meta-nav\">&rarr;<\/span><\/a><\/p>\n","protected":false},"author":1,"featured_media":0,"comment_status":"closed","ping_status":"open","sticky":false,"template":"","format":"standard","meta":{"footnotes":""},"categories":[10],"tags":[],"class_list":["post-1701","post","type-post","status-publish","format-standard","hentry","category-allgemein"],"_links":{"self":[{"href":"https:\/\/kg-saarland.gdpbundespolizeikoblenz.de\/index.php?rest_route=\/wp\/v2\/posts\/1701","targetHints":{"allow":["GET"]}}],"collection":[{"href":"https:\/\/kg-saarland.gdpbundespolizeikoblenz.de\/index.php?rest_route=\/wp\/v2\/posts"}],"about":[{"href":"https:\/\/kg-saarland.gdpbundespolizeikoblenz.de\/index.php?rest_route=\/wp\/v2\/types\/post"}],"author":[{"embeddable":true,"href":"https:\/\/kg-saarland.gdpbundespolizeikoblenz.de\/index.php?rest_route=\/wp\/v2\/users\/1"}],"replies":[{"embeddable":true,"href":"https:\/\/kg-saarland.gdpbundespolizeikoblenz.de\/index.php?rest_route=%2Fwp%2Fv2%2Fcomments&post=1701"}],"version-history":[{"count":1,"href":"https:\/\/kg-saarland.gdpbundespolizeikoblenz.de\/index.php?rest_route=\/wp\/v2\/posts\/1701\/revisions"}],"predecessor-version":[{"id":1702,"href":"https:\/\/kg-saarland.gdpbundespolizeikoblenz.de\/index.php?rest_route=\/wp\/v2\/posts\/1701\/revisions\/1702"}],"wp:attachment":[{"href":"https:\/\/kg-saarland.gdpbundespolizeikoblenz.de\/index.php?rest_route=%2Fwp%2Fv2%2Fmedia&parent=1701"}],"wp:term":[{"taxonomy":"category","embeddable":true,"href":"https:\/\/kg-saarland.gdpbundespolizeikoblenz.de\/index.php?rest_route=%2Fwp%2Fv2%2Fcategories&post=1701"},{"taxonomy":"post_tag","embeddable":true,"href":"https:\/\/kg-saarland.gdpbundespolizeikoblenz.de\/index.php?rest_route=%2Fwp%2Fv2%2Ftags&post=1701"}],"curies":[{"name":"wp","href":"https:\/\/api.w.org\/{rel}","templated":true}]}}