{"id":1756,"date":"2017-06-22T10:10:06","date_gmt":"2017-06-22T08:10:06","guid":{"rendered":"http:\/\/kg-saarland.gdpbundespolizeikoblenz.de\/?p=1756"},"modified":"2017-06-22T10:10:06","modified_gmt":"2017-06-22T08:10:06","slug":"gdp-fordert-staerkere-europaeische-vernetzung","status":"publish","type":"post","link":"https:\/\/kg-saarland.gdpbundespolizeikoblenz.de\/?p=1756","title":{"rendered":"GdP fordert st\u00e4rkere europ\u00e4ische Vernetzung"},"content":{"rendered":"<p><strong>60 Jahre Bundesgrenzschutz\/Bundespolizei im Saarland und 10 Jahre deutsch-franz\u00f6sische Polizeistreifen im Bahnverkehr<\/strong><\/p>\n<p>Anl\u00e4sslich der morgigen Festveranstaltung in Saarbr\u00fccken lobt die Gewerkschaft der Polizei (GdP) ausdr\u00fccklich die Bestrebungen zur l\u00e4nder\u00fcbergreifenden Polizeiarbeit in Europa.<br \/>\n\u201eDie Kooperation von Bundespolizei und franz\u00f6sischer Polizei im Saarland ist beispielhaft f\u00fcr ein gelebtes Europa und wichtiger Bestandteil der Weiterentwicklung und Kooperation im Bereich der grenz\u00fcberschreitenden Inneren Sicherheit&#8220;, so Roland Voss, Mitglied im gesch\u00e4ftsf\u00fchrenden Bezirksvorstand der GdP in der Bundespolizei und Vorsitzender der GdP Bundespolizei im Saarland. \u201eUmso bedauerlicher ist die mangelhafte Personalausstattung in diesem Bereich. Bisher gibt es f\u00fcr die zunehmenden Kooperationsaufgaben kein zus\u00e4tzliches Personal. Stattdessen werden die Bundespolizistinnen und Bundespolizisten aus bestehenden Dienstschichten herausgenommen. So ist keine echte vorausschauende Polizeiarbeit mehr m\u00f6glich\u201c.<br \/>\nAllein an der Westgrenze fehlen nach Berechnungen der GdP rund 5.000 zus\u00e4tzliche Beamte.<br \/>\n\u201eWir brauchen keine l\u00fcckenlosen Grenzkontrollen, sondern die M\u00f6glichkeit, um lageabh\u00e4ngig gezielt gegen Terroristen, Schleuser und Menschenh\u00e4ndler vorgehen zu k\u00f6nnen. In den letzten Jahren konnte insbesondere die Grenze zu Frankreich und Belgien von Terroristen problemlos genutzt werden. So werden die Errungenschaften eines freien Europas ausgenutzt. Um dem entgegenzuwirken, ist es dringend erforderlich, die Bundespolizei personell und materiell deutlich besser auszustatten\u201c, so Voss.<br \/>\nSolange der Schutz der europ\u00e4ischen Au\u00dfengrenze nicht funktioniert, brauchen wir ein Netzwerk innerhalb von Europa, welches die grenz\u00fcberschreitenden Sicherheitsaufgaben bew\u00e4ltigt und M\u00f6glichkeiten der gemeinsamen, grenz\u00fcberschreitenden Aus- und Fortbildung inklusive der Verbesserung der sprachlichen Qualifikationen schafft. Der Zoll muss in dieses Netzwerk &#8211; und noch intensiver als bisher in gemeinsame Streifen &#8211; eingebunden werden. Alle Beh\u00f6rden mit Sicherheitsaufgaben an den Grenzen m\u00fcssen ihre F\u00e4higkeiten b\u00fcndeln.<\/p>\n","protected":false},"excerpt":{"rendered":"<p>60 Jahre Bundesgrenzschutz\/Bundespolizei im Saarland und 10 Jahre deutsch-franz\u00f6sische Polizeistreifen im Bahnverkehr Anl\u00e4sslich der morgigen Festveranstaltung in Saarbr\u00fccken lobt die Gewerkschaft der Polizei (GdP) ausdr\u00fccklich die Bestrebungen zur l\u00e4nder\u00fcbergreifenden Polizeiarbeit in Europa. \u201eDie Kooperation von Bundespolizei und franz\u00f6sischer Polizei im Saarland ist beispielhaft f\u00fcr ein gelebtes Europa und wichtiger Bestandteil <a class=\"more-link\" href=\"https:\/\/kg-saarland.gdpbundespolizeikoblenz.de\/?p=1756\">Weiterlesen<span class=\"screen-reader-text\">GdP fordert st\u00e4rkere europ\u00e4ische Vernetzung<\/span><span class=\"meta-nav\">&rarr;<\/span><\/a><\/p>\n","protected":false},"author":1,"featured_media":0,"comment_status":"closed","ping_status":"open","sticky":false,"template":"","format":"standard","meta":{"footnotes":""},"categories":[10],"tags":[],"class_list":["post-1756","post","type-post","status-publish","format-standard","hentry","category-allgemein"],"_links":{"self":[{"href":"https:\/\/kg-saarland.gdpbundespolizeikoblenz.de\/index.php?rest_route=\/wp\/v2\/posts\/1756","targetHints":{"allow":["GET"]}}],"collection":[{"href":"https:\/\/kg-saarland.gdpbundespolizeikoblenz.de\/index.php?rest_route=\/wp\/v2\/posts"}],"about":[{"href":"https:\/\/kg-saarland.gdpbundespolizeikoblenz.de\/index.php?rest_route=\/wp\/v2\/types\/post"}],"author":[{"embeddable":true,"href":"https:\/\/kg-saarland.gdpbundespolizeikoblenz.de\/index.php?rest_route=\/wp\/v2\/users\/1"}],"replies":[{"embeddable":true,"href":"https:\/\/kg-saarland.gdpbundespolizeikoblenz.de\/index.php?rest_route=%2Fwp%2Fv2%2Fcomments&post=1756"}],"version-history":[{"count":1,"href":"https:\/\/kg-saarland.gdpbundespolizeikoblenz.de\/index.php?rest_route=\/wp\/v2\/posts\/1756\/revisions"}],"predecessor-version":[{"id":1757,"href":"https:\/\/kg-saarland.gdpbundespolizeikoblenz.de\/index.php?rest_route=\/wp\/v2\/posts\/1756\/revisions\/1757"}],"wp:attachment":[{"href":"https:\/\/kg-saarland.gdpbundespolizeikoblenz.de\/index.php?rest_route=%2Fwp%2Fv2%2Fmedia&parent=1756"}],"wp:term":[{"taxonomy":"category","embeddable":true,"href":"https:\/\/kg-saarland.gdpbundespolizeikoblenz.de\/index.php?rest_route=%2Fwp%2Fv2%2Fcategories&post=1756"},{"taxonomy":"post_tag","embeddable":true,"href":"https:\/\/kg-saarland.gdpbundespolizeikoblenz.de\/index.php?rest_route=%2Fwp%2Fv2%2Ftags&post=1756"}],"curies":[{"name":"wp","href":"https:\/\/api.w.org\/{rel}","templated":true}]}}