{"id":1769,"date":"2017-09-15T14:48:52","date_gmt":"2017-09-15T12:48:52","guid":{"rendered":"http:\/\/kg-saarland.gdpbundespolizeikoblenz.de\/?p=1769"},"modified":"2017-09-15T15:09:42","modified_gmt":"2017-09-15T13:09:42","slug":"politische-gespraeche-gdp-im-landesinnenministerium-saarland","status":"publish","type":"post","link":"https:\/\/kg-saarland.gdpbundespolizeikoblenz.de\/?p=1769","title":{"rendered":"Politische Gespr\u00e4che: GdP im (Landes)Innenministerium Saarland"},"content":{"rendered":"<p>Die GdP Kreisgruppe Saarland, vertreten durch Werner Berger und Roland Voss, trafen sich zu einem politischen Gedankenaustausch mit dem saarl\u00e4ndischen Innenstaatssekret\u00e4r Christian Seel.<br \/>\nStaatssekret\u00e4r Seel hinterfragte die Personalsituation und die Anzahl nicht besetzter Planstellen, sowie die Anzahl der Abordnungen. Auch wollte er Kenntnis dar\u00fcber erlangen, wie es um Ausschreibungen innerhalb der Bundespolizei bestellt ist.<br \/>\nDie GdP Vertreter \u00fcberreichten das Konsolidierungsprogramm und erl\u00e4uterten es. Vor allem die Belastungssituation und die inakzeptable Personalsituation in der gesamten Bundespolizei waren Themen. Die Migrationslage und die Aufgaben der Bundespolizei an der Au\u00dfengrenze zu Europa und an den Innerdeutschen Grenzen wurden ebenfalls er\u00f6rtert. Die schwierige personelle Situation der Bundespolizei war dem Staatssekret\u00e4r bereits bekannt.<br \/>\nWerner Berger f\u00fchrte aus, dass gerade in Zeiten des zunehmenden internationalen Terrorismus und den M\u00f6glichkeiten des unkontrollierten Grenz\u00fcbertritts innerhalb Europas, eine personell gut aufgestellt Bundespolizei an den Grenzen wichtig ist. Bundes- und Landespolizei arbeiten gemeinsam als verl\u00e4ssliche Partner zur Steigerung des Sicherheitsgef\u00fchls unserer Bev\u00f6lkerung in der Grenzregion in den Z\u00fcgen und am Flughafen. Die sehr gute Zusammenarbeit zwischen der Bundespolizei und der Landespolizei Saarland wurde dabei ausdr\u00fccklich hervorgehoben.<br \/>\nWerner Berger stellte dem Staatssekret\u00e4r die Gliederung der Bundespolizei und die GdP Bezirk Bundespolizei vor. Die GdP ist die mit weitem Abstand gr\u00f6\u00dfte und einflussreichste Gewerkschaft in der Bundespolizei ist. Mehr als die H\u00e4lfte aller bei der Bundespolizei besch\u00e4ftigten Mitarbeiterinnen und Mitarbeiter sind bei der GdP organisiert.<br \/>\nDer Gedankenaustausch wurde von beiden Seiten als sehr konstruktiv bewertet. Staatssekret\u00e4r Seel bedankte sich f\u00fcr das offene und nutzbringende Gespr\u00e4ch und \u00e4u\u00dferte seine klare Absicht sich aus dem Saarland f\u00fcr eine starke Bundespolizei einsetzen zu wollen. Eine starke, leistungsf\u00e4hige und gut ausger\u00fcstete Bundespolizei ist bundesweit, aber auch im Saarland sehr wichtig. Hierf\u00fcr wird sich Christian Seel einsetzen.<br \/>\nWeitere Gespr\u00e4che wurden anlassbezogen vereinbart. Die GdP Vertreter bedankten sich f\u00fcr das sehr konstruktive Gespr\u00e4ch.<\/p>\n<figure id=\"attachment_1770\" aria-describedby=\"caption-attachment-1770\" style=\"width: 300px\" class=\"wp-caption alignnone\"><a href=\"http:\/\/kg-saarland.gdpbundespolizeikoblenz.de\/wp-content\/uploads\/2017\/09\/image.jpeg\"><img loading=\"lazy\" decoding=\"async\" class=\"size-medium wp-image-1770\" src=\"http:\/\/kg-saarland.gdpbundespolizeikoblenz.de\/wp-content\/uploads\/2017\/09\/image-300x215.jpeg\" alt=\"\" width=\"300\" height=\"215\" \/><\/a><figcaption id=\"caption-attachment-1770\" class=\"wp-caption-text\">Foto: v.l.n.r.: Werner Berger (GdP), StS. Christian Seel und Roland Voss (GdP)<\/figcaption><\/figure>\n","protected":false},"excerpt":{"rendered":"<p>Die GdP Kreisgruppe Saarland, vertreten durch Werner Berger und Roland Voss, trafen sich zu einem politischen Gedankenaustausch mit dem saarl\u00e4ndischen Innenstaatssekret\u00e4r Christian Seel. Staatssekret\u00e4r Seel hinterfragte die Personalsituation und die Anzahl nicht besetzter Planstellen, sowie die Anzahl der Abordnungen. Auch wollte er Kenntnis dar\u00fcber erlangen, wie es um Ausschreibungen innerhalb <a class=\"more-link\" href=\"https:\/\/kg-saarland.gdpbundespolizeikoblenz.de\/?p=1769\">Weiterlesen<span class=\"screen-reader-text\">Politische Gespr\u00e4che: GdP im (Landes)Innenministerium Saarland<\/span><span class=\"meta-nav\">&rarr;<\/span><\/a><\/p>\n","protected":false},"author":1,"featured_media":0,"comment_status":"closed","ping_status":"closed","sticky":false,"template":"","format":"standard","meta":{"footnotes":""},"categories":[10],"tags":[],"class_list":["post-1769","post","type-post","status-publish","format-standard","hentry","category-allgemein"],"_links":{"self":[{"href":"https:\/\/kg-saarland.gdpbundespolizeikoblenz.de\/index.php?rest_route=\/wp\/v2\/posts\/1769","targetHints":{"allow":["GET"]}}],"collection":[{"href":"https:\/\/kg-saarland.gdpbundespolizeikoblenz.de\/index.php?rest_route=\/wp\/v2\/posts"}],"about":[{"href":"https:\/\/kg-saarland.gdpbundespolizeikoblenz.de\/index.php?rest_route=\/wp\/v2\/types\/post"}],"author":[{"embeddable":true,"href":"https:\/\/kg-saarland.gdpbundespolizeikoblenz.de\/index.php?rest_route=\/wp\/v2\/users\/1"}],"replies":[{"embeddable":true,"href":"https:\/\/kg-saarland.gdpbundespolizeikoblenz.de\/index.php?rest_route=%2Fwp%2Fv2%2Fcomments&post=1769"}],"version-history":[{"count":0,"href":"https:\/\/kg-saarland.gdpbundespolizeikoblenz.de\/index.php?rest_route=\/wp\/v2\/posts\/1769\/revisions"}],"wp:attachment":[{"href":"https:\/\/kg-saarland.gdpbundespolizeikoblenz.de\/index.php?rest_route=%2Fwp%2Fv2%2Fmedia&parent=1769"}],"wp:term":[{"taxonomy":"category","embeddable":true,"href":"https:\/\/kg-saarland.gdpbundespolizeikoblenz.de\/index.php?rest_route=%2Fwp%2Fv2%2Fcategories&post=1769"},{"taxonomy":"post_tag","embeddable":true,"href":"https:\/\/kg-saarland.gdpbundespolizeikoblenz.de\/index.php?rest_route=%2Fwp%2Fv2%2Ftags&post=1769"}],"curies":[{"name":"wp","href":"https:\/\/api.w.org\/{rel}","templated":true}]}}