{"id":1772,"date":"2017-09-29T12:21:45","date_gmt":"2017-09-29T10:21:45","guid":{"rendered":"http:\/\/kg-saarland.gdpbundespolizeikoblenz.de\/?p=1772"},"modified":"2017-10-04T09:26:53","modified_gmt":"2017-10-04T07:26:53","slug":"familienkalender-2018","status":"publish","type":"post","link":"https:\/\/kg-saarland.gdpbundespolizeikoblenz.de\/?p=1772","title":{"rendered":"Familienkalender 2018"},"content":{"rendered":"<p>Mittlerweile ist er zu einem festen Bestandteil geworden: Der Familienkalender der GdP. Inzwischen erscheint bereits die dritte Auflage des Kalenders und kann bei Interesse bei den Kreisgruppen abgeholt werden.<\/p>\n<p>Die Idee entstand in der GdP-Frauengruppe Bund, die einen Kalender entwerfen wollte, der auf die dienstlichen und privaten Belange unserer Mitglieder abgestimmt ist. So k\u00f6nnt Ihr nicht nur die Dienstzeiten von Mama und Papa, sondern auch Termine von Kindern, Oma und Opa oder wer auch immer Eure Liebsten sind und zur Familie z\u00e4hlen, mit eintragen.<\/p>\n<p>Die Gestaltung des Kalenders liegt ganz in den H\u00e4nden unserer &#8222;J\u00fcngsten&#8220; &#8211; den Kindern oder Enkeln unserer GdP-Mitglieder.<\/p>\n<p>Um das Kalenderblatt Juli 2018 zu gestalten, fand auch dieses Jahr ein Malwettbewerb in der Direktionsgruppe Koblenz statt. Zahlreiche tolle Bilder wurden eingesendet &#8211; da fiel uns die Entscheidung echt schwer! So entschied letztendlich das Los, welches Bild es in den Familienkalender schaffte.<\/p>\n<p>Nicht nur die Gewinnerin Jana, 6 Jahre, durfte sich \u00fcber einen Gewinn freuen, sondern auch die anderen kleinen K\u00fcnstlerinnen und K\u00fcnstler wurden f\u00fcr ihre Kreativit\u00e4t mit einem Gutschein bei amazon belohnt.<\/p>\n<p>Die Kunstwerke unserer Teilnehmer:<\/p>\n\r\n\t<div class=\"slideshow_container slideshow_container_style-light\" style=\"height: 200px; \" data-slideshow-id=\"2087\" data-style-name=\"style-light\" data-style-version=\"2.3.1\" >\r\n\r\n\t\t\t\t\t<div class=\"slideshow_loading_icon\"><\/div>\r\n\t\t\r\n\t\t<div class=\"slideshow_content\" style=\"display: none;\">\r\n\r\n\t\t\t\r\n\t\t<\/div>\r\n\r\n\t\t<div class=\"slideshow_controlPanel slideshow_transparent\" style=\"display: none;\"><ul><li class=\"slideshow_togglePlay\" data-play-text=\"Abspielen\" data-pause-text=\"Pause\"><\/li><\/ul><\/div>\r\n\r\n\t\t<div class=\"slideshow_button slideshow_previous slideshow_transparent\" role=\"button\" data-previous-text=\"Zur\u00fcck\" style=\"display: none;\"><\/div>\r\n\t\t<div class=\"slideshow_button slideshow_next slideshow_transparent\" role=\"button\" data-next-text=\"N\u00e4chstes\" style=\"display: none;\"><\/div>\r\n\r\n\t\t<div class=\"slideshow_pagination\" style=\"display: none;\" data-go-to-text=\"Gehe zum Bild\"><div class=\"slideshow_pagination_center\"><\/div><\/div>\r\n\r\n\t\t<!-- WordPress Slideshow Version 2.3.1 -->\r\n\r\n\t\t\t\t<!-- Error log\r\n\t\t\t\t\t- No slides were found\t\t\t\t-->\r\n\t\t\t<\/div>\r\n\r\n\n<p>Herzlichen Dank sagen hierf\u00fcr die<\/p>\n<p>Direktionsgruppe &amp; Frauengruppe Koblenz!<\/p>\n<p>&nbsp;<\/p>\n","protected":false},"excerpt":{"rendered":"<p>Mittlerweile ist er zu einem festen Bestandteil geworden: Der Familienkalender der GdP. Inzwischen erscheint bereits die dritte Auflage des Kalenders und kann bei Interesse bei den Kreisgruppen abgeholt werden. Die Idee entstand in der GdP-Frauengruppe Bund, die einen Kalender entwerfen wollte, der auf die dienstlichen und privaten Belange unserer Mitglieder <a class=\"more-link\" href=\"https:\/\/kg-saarland.gdpbundespolizeikoblenz.de\/?p=1772\">Weiterlesen<span class=\"screen-reader-text\">Familienkalender 2018<\/span><span class=\"meta-nav\">&rarr;<\/span><\/a><\/p>\n","protected":false},"author":1,"featured_media":0,"comment_status":"closed","ping_status":"open","sticky":false,"template":"","format":"standard","meta":{"footnotes":""},"categories":[1],"tags":[],"class_list":["post-1772","post","type-post","status-publish","format-standard","hentry","category-uncategorized"],"_links":{"self":[{"href":"https:\/\/kg-saarland.gdpbundespolizeikoblenz.de\/index.php?rest_route=\/wp\/v2\/posts\/1772","targetHints":{"allow":["GET"]}}],"collection":[{"href":"https:\/\/kg-saarland.gdpbundespolizeikoblenz.de\/index.php?rest_route=\/wp\/v2\/posts"}],"about":[{"href":"https:\/\/kg-saarland.gdpbundespolizeikoblenz.de\/index.php?rest_route=\/wp\/v2\/types\/post"}],"author":[{"embeddable":true,"href":"https:\/\/kg-saarland.gdpbundespolizeikoblenz.de\/index.php?rest_route=\/wp\/v2\/users\/1"}],"replies":[{"embeddable":true,"href":"https:\/\/kg-saarland.gdpbundespolizeikoblenz.de\/index.php?rest_route=%2Fwp%2Fv2%2Fcomments&post=1772"}],"version-history":[{"count":3,"href":"https:\/\/kg-saarland.gdpbundespolizeikoblenz.de\/index.php?rest_route=\/wp\/v2\/posts\/1772\/revisions"}],"predecessor-version":[{"id":1775,"href":"https:\/\/kg-saarland.gdpbundespolizeikoblenz.de\/index.php?rest_route=\/wp\/v2\/posts\/1772\/revisions\/1775"}],"wp:attachment":[{"href":"https:\/\/kg-saarland.gdpbundespolizeikoblenz.de\/index.php?rest_route=%2Fwp%2Fv2%2Fmedia&parent=1772"}],"wp:term":[{"taxonomy":"category","embeddable":true,"href":"https:\/\/kg-saarland.gdpbundespolizeikoblenz.de\/index.php?rest_route=%2Fwp%2Fv2%2Fcategories&post=1772"},{"taxonomy":"post_tag","embeddable":true,"href":"https:\/\/kg-saarland.gdpbundespolizeikoblenz.de\/index.php?rest_route=%2Fwp%2Fv2%2Ftags&post=1772"}],"curies":[{"name":"wp","href":"https:\/\/api.w.org\/{rel}","templated":true}]}}