{"id":1897,"date":"2017-10-26T10:38:28","date_gmt":"2017-10-26T08:38:28","guid":{"rendered":"http:\/\/kg-saarland.gdpbundespolizeikoblenz.de\/?p=1897"},"modified":"2023-12-13T08:07:53","modified_gmt":"2023-12-13T07:07:53","slug":"nachwahlen-kreisgruppenvorstand","status":"publish","type":"post","link":"https:\/\/kg-saarland.gdpbundespolizeikoblenz.de\/?p=1897","title":{"rendered":"Nachwahlen Kreisgruppenvorstand"},"content":{"rendered":"<p>Aufgrund dienstlich bedingter Abwesenheiten mussten Funktionen im Bereich des Vorstandes der Kreisgruppe Saarland nachbesetzt werden.<\/p>\n<p>Die Wahl fand im Rahmen einer Mitgliederversammlung am 25.10.2017 in Bexbach statt.<\/p>\n<p>Ein Tausch fand hinsichtlich der Funktion des Vorsitzenden bzw. stellvertretenden Vorsitzenden zwischen Werner Berger und Roland Voss statt.<\/p>\n<p>Zur Entlastung des Schriftf\u00fchrers Mike Egner wurde als stellvertretender Schriftf\u00fchrer Tobias Allard gew\u00e4hlt.<\/p>\n<p>&nbsp;<\/p>\n<p>Neu wurde Sascha Fehrentz f\u00fcr den Bereich Organisation in den Vorstand gew\u00e4hlt.<\/p>\n<p>Neu im Bereich der Vertrauensleute wurden\u00a0Frank Stegner, Frank Herrgen, Kersten Venn, Michael Sch\u00f6ndorf in den erweiterten Vorstand gew\u00e4hlt.<\/p>\n","protected":false},"excerpt":{"rendered":"<p>Aufgrund dienstlich bedingter Abwesenheiten mussten Funktionen im Bereich des Vorstandes der Kreisgruppe Saarland nachbesetzt werden. Die Wahl fand im Rahmen einer Mitgliederversammlung am 25.10.2017 in Bexbach statt. Ein Tausch fand hinsichtlich der Funktion des Vorsitzenden bzw. stellvertretenden Vorsitzenden zwischen Werner Berger und Roland Voss statt. Zur Entlastung des Schriftf\u00fchrers Mike <a class=\"more-link\" href=\"https:\/\/kg-saarland.gdpbundespolizeikoblenz.de\/?p=1897\">Weiterlesen<span class=\"screen-reader-text\">Nachwahlen Kreisgruppenvorstand<\/span><span class=\"meta-nav\">&rarr;<\/span><\/a><\/p>\n","protected":false},"author":1,"featured_media":0,"comment_status":"closed","ping_status":"closed","sticky":false,"template":"","format":"standard","meta":{"footnotes":""},"categories":[1],"tags":[],"class_list":["post-1897","post","type-post","status-publish","format-standard","hentry","category-uncategorized"],"_links":{"self":[{"href":"https:\/\/kg-saarland.gdpbundespolizeikoblenz.de\/index.php?rest_route=\/wp\/v2\/posts\/1897","targetHints":{"allow":["GET"]}}],"collection":[{"href":"https:\/\/kg-saarland.gdpbundespolizeikoblenz.de\/index.php?rest_route=\/wp\/v2\/posts"}],"about":[{"href":"https:\/\/kg-saarland.gdpbundespolizeikoblenz.de\/index.php?rest_route=\/wp\/v2\/types\/post"}],"author":[{"embeddable":true,"href":"https:\/\/kg-saarland.gdpbundespolizeikoblenz.de\/index.php?rest_route=\/wp\/v2\/users\/1"}],"replies":[{"embeddable":true,"href":"https:\/\/kg-saarland.gdpbundespolizeikoblenz.de\/index.php?rest_route=%2Fwp%2Fv2%2Fcomments&post=1897"}],"version-history":[{"count":0,"href":"https:\/\/kg-saarland.gdpbundespolizeikoblenz.de\/index.php?rest_route=\/wp\/v2\/posts\/1897\/revisions"}],"wp:attachment":[{"href":"https:\/\/kg-saarland.gdpbundespolizeikoblenz.de\/index.php?rest_route=%2Fwp%2Fv2%2Fmedia&parent=1897"}],"wp:term":[{"taxonomy":"category","embeddable":true,"href":"https:\/\/kg-saarland.gdpbundespolizeikoblenz.de\/index.php?rest_route=%2Fwp%2Fv2%2Fcategories&post=1897"},{"taxonomy":"post_tag","embeddable":true,"href":"https:\/\/kg-saarland.gdpbundespolizeikoblenz.de\/index.php?rest_route=%2Fwp%2Fv2%2Ftags&post=1897"}],"curies":[{"name":"wp","href":"https:\/\/api.w.org\/{rel}","templated":true}]}}