{"id":2115,"date":"2018-12-04T10:31:14","date_gmt":"2018-12-04T09:31:14","guid":{"rendered":"https:\/\/kg-saarland.gdpbundespolizeikoblenz.de\/?p=2115"},"modified":"2018-12-04T14:36:58","modified_gmt":"2018-12-04T13:36:58","slug":"2115","status":"publish","type":"post","link":"https:\/\/kg-saarland.gdpbundespolizeikoblenz.de\/?p=2115","title":{"rendered":"Pl\u00e4ne der BPOLD Koblenz: Abschaffung \u00f6rtlicher Dienstpl\u00e4ne und \u2013 Vereinbarungen?"},"content":{"rendered":"<p><a href=\"https:\/\/kg-saarland.gdpbundespolizeikoblenz.de\/wp-content\/uploads\/2018\/12\/026DE6C5-DB61-4C1B-A066-BCC076598077.png\" target=\"_blank\" rel=\"noopener\"><img loading=\"lazy\" decoding=\"async\" class=\"alignnone size-medium wp-image-2114\" src=\"https:\/\/kg-saarland.gdpbundespolizeikoblenz.de\/wp-content\/uploads\/2018\/12\/026DE6C5-DB61-4C1B-A066-BCC076598077-300x207.png\" alt=\"\" width=\"300\" height=\"207\" \/><\/a><\/p>\n<p><!--more--><\/p>\n<p>Liebe Kolleginnen und Kollegen,<\/p>\n<p>die Gewerkschaft der Polizei (GdP) \u2013 Direktionsgruppe Koblenz \u2013 h\u00e4tte gerne bessere Informationen verk\u00fcndet. Leider wurde uns bekannt, dass die BPOLD Koblenz beabsichtigt, erheblich in die Dienstplangestaltung und somit in die Dienstpl\u00e4ne und -vereinbarungen der Inspektionen einzugreifen, einen Rahmendienstplan f\u00fcr alle Inspektionen zu entwickeln sowie ein operatives Kr\u00e4ftemanagement zu implementieren. Sollte dieses gelingen, w\u00fcrden die \u00f6rtlichen Dienstvereinbarungen zu den Dienstpl\u00e4nen faktisch abgeschafft werden und die Belastung weiter steigen.<\/p>\n<p>Offensichtlich macht die weiterhin vorherrschende Personalnot so \u201eerfinderisch\u201c, dass die jeweiligen Dienstvereinbarungen, die zu Gunsten der Besch\u00e4ftigten abgeschlossen wurden, aufgek\u00fcndigt werden sollen. Ein \u201eFriedensnobelpreis\u201c ist damit\u00a0aber sicherlich nicht zu gewinnen.<\/p>\n<p>Solche \u00dcberlegungen jetzt anzustellen, entbehrt jeder Grundlage, da die angek\u00fcndigte personelle Aufstockung der Inspektionen deren geforderte Flexibilit\u00e4t und Handlungsf\u00e4hig in der Zukunft wieder deutlich erh\u00f6hen wird!<\/p>\n<p><strong>Finger weg von unseren Dienstpl\u00e4nen \u2013 der Seele jeder Inspektion!<\/strong><\/p>\n<p>Die Kolleginnen und Kollegen brauchen vertrauensbildende F\u00fchrung\u00a0und keine Verunsicherung \u2013 ganz besonders nicht in einer personell extrem schwierigen Zeit.<\/p>\n<p>Dass was bisher bekannt wurde, ist daher mit aller Deutlichkeit abzulehnen. Weder die \u00f6rtlichen Personalr\u00e4te, noch der GPR wurden \u00fcber die Pl\u00e4ne der BPOLD Koblenz rechtzeitig und umfassend informiert. Das nun \u201evon oben\u201c,<\/p>\n<p>also \u00fcber die K\u00f6pfe der Besch\u00e4ftigten hinweg, Strategien anl\u00e4sslich der F\u00fchrungskr\u00e4ftetagung der BPOLD Koblenz vorgestellt und in die Organisation transportiert wurden, f\u00fchrt verst\u00e4ndlicherweise zu einer erheblichen Unruhe und ist zu kritisieren.<\/p>\n<p>Die \u00f6rtlichen Personalr\u00e4te haben mit ihren Inspektionsleitungen in der Vergangenheit f\u00fcr ein H\u00f6chstma\u00df an machbarer Flexibilit\u00e4t unter Aussch\u00f6pfung allen regionalen M\u00f6glichkeiten gesorgt, die unterschiedlichen gesetzlichen Aufgaben zu erf\u00fcllen und dabei Vereinbarkeit von Familie und Beruf zu gew\u00e4hrleisten.<\/p>\n<p>Dies gew\u00e4hrleisten die \u00f6rtlichen Dienstvereinbarungen und Dienstpl\u00e4ne. Selbst unter h\u00f6chster Belastung wurde das Unm\u00f6gliche noch m\u00f6glich gemacht.<\/p>\n<p>Die geplanten \u00dcberlegungen aus Koblenz kommen einer Entm\u00fcndigung der Inspektionsleitungen und der \u00f6rtlichen Personalr\u00e4te gleich. Sie sind kein Konzept gegen die vorhandene Personalnot und erst recht keine Wertsch\u00e4tzung der geleisteten Arbeit.<\/p>\n<p>Die geplanten Eingriffe \u201evon oben\u201c in die \u00f6rtlichen Dienstpl\u00e4ne bedeuten auch, dass die ohnehin vorhandene Belastung der KollegInnen noch vergr\u00f6\u00dfert wird.<\/p>\n<p>Das alles sind keine Antworten auf die erheblichen Personalprobleme in allen Dienststellen.<\/p>\n<p><strong>Daher erteilen wir solchen \u00dcberlegungen eine klare Absage!<\/strong><\/p>\n<p>In einem Gespr\u00e4ch mit dem Pr\u00e4sidenten unserer Direktion wurde der Standpunkt der GdP bereits vorgetragen und auf die Beteiligungsrechte der Personalvertretung hingewiesen.<\/p>\n<p>Dienstplanangelegenheiten unterliegen der uneingeschr\u00e4nkten Mitbestimmung der zust\u00e4ndigen Personalvertretungen. Diese werden im Interesse aller Kolleginnen und Kollegen auch wahrgenommen werden.<\/p>\n<p>Zudem erwarten wir eine umfassende Information und Klarstellung der Beh\u00f6rdenleitung zur Sache.<\/p>\n<p>Es gibt keinen nachvollziehbaren Grund f\u00fcr neue Dienstpl\u00e4ne!<\/p>\n<p>Dienstplangestaltung ist und bleibt Sache der \u00d6PR\u00b4s und der jeweiligen Inspektionen. Dabei sind die \u00f6rtlichen Gegebenheiten \u2013 im Sinne unserer Kolleginnen und Kollegen \u2013 zu ber\u00fccksichtigen und zu respektieren.<br \/>\nWir brauchen keine Dienstplanung nach Zahlen und kalten \u201eManagementvorgaben\u201c. Wir brauchen stattdessen Verst\u00e4ndnis f\u00fcr die ausgesprochen schwierige personelle Situation und wir brauchen mehr Personal.<br \/>\nDie Dienstpl\u00e4ne sind die Seele der Inspektionen. Die Personalvertretungen werden Sorge daf\u00fcr tragen, dass die Interessen der Besch\u00e4ftigten bestm\u00f6glich vertreten werden.<\/p>\n<p><strong>Wir h\u00e4tten uns vor Weihnachten eine andere Botschaft gew\u00fcnscht.<\/strong><\/p>\n","protected":false},"excerpt":{"rendered":"","protected":false},"author":1,"featured_media":0,"comment_status":"open","ping_status":"closed","sticky":false,"template":"","format":"standard","meta":{"footnotes":""},"categories":[10,11,1],"tags":[66,65,67],"class_list":["post-2115","post","type-post","status-publish","format-standard","hentry","category-allgemein","category-archiv","category-uncategorized","tag-dienstplaene","tag-dienstvereinbarungen","tag-mitbestimmung"],"_links":{"self":[{"href":"https:\/\/kg-saarland.gdpbundespolizeikoblenz.de\/index.php?rest_route=\/wp\/v2\/posts\/2115","targetHints":{"allow":["GET"]}}],"collection":[{"href":"https:\/\/kg-saarland.gdpbundespolizeikoblenz.de\/index.php?rest_route=\/wp\/v2\/posts"}],"about":[{"href":"https:\/\/kg-saarland.gdpbundespolizeikoblenz.de\/index.php?rest_route=\/wp\/v2\/types\/post"}],"author":[{"embeddable":true,"href":"https:\/\/kg-saarland.gdpbundespolizeikoblenz.de\/index.php?rest_route=\/wp\/v2\/users\/1"}],"replies":[{"embeddable":true,"href":"https:\/\/kg-saarland.gdpbundespolizeikoblenz.de\/index.php?rest_route=%2Fwp%2Fv2%2Fcomments&post=2115"}],"version-history":[{"count":0,"href":"https:\/\/kg-saarland.gdpbundespolizeikoblenz.de\/index.php?rest_route=\/wp\/v2\/posts\/2115\/revisions"}],"wp:attachment":[{"href":"https:\/\/kg-saarland.gdpbundespolizeikoblenz.de\/index.php?rest_route=%2Fwp%2Fv2%2Fmedia&parent=2115"}],"wp:term":[{"taxonomy":"category","embeddable":true,"href":"https:\/\/kg-saarland.gdpbundespolizeikoblenz.de\/index.php?rest_route=%2Fwp%2Fv2%2Fcategories&post=2115"},{"taxonomy":"post_tag","embeddable":true,"href":"https:\/\/kg-saarland.gdpbundespolizeikoblenz.de\/index.php?rest_route=%2Fwp%2Fv2%2Ftags&post=2115"}],"curies":[{"name":"wp","href":"https:\/\/api.w.org\/{rel}","templated":true}]}}