{"id":2121,"date":"2018-12-04T09:31:04","date_gmt":"2018-12-04T08:31:04","guid":{"rendered":"https:\/\/kg-saarland.gdpbundespolizeikoblenz.de\/?p=2121"},"modified":"2018-12-04T12:40:44","modified_gmt":"2018-12-04T11:40:44","slug":"martin-freitag-und-klaus-weber-in-den-ruhestand-verabschiedet","status":"publish","type":"post","link":"https:\/\/kg-saarland.gdpbundespolizeikoblenz.de\/?p=2121","title":{"rendered":"Martin Freitag und Klaus Weber in den Ruhestand verabschiedet"},"content":{"rendered":"<p>Am Donnerstag, den 29. November 2018 wurden die langj\u00e4hrigen GdP Mitglieder Martin Freitag und Klaus Weber offiziell\u00a0in den Ruhestand verabschiedet.<\/p>\n<p dir=\"LTR\" align=\"LEFT\">Die GdP-Kreisgruppe Saarland w\u00fcnscht den Kollegen f\u00fcr den neuen Lebensabschnitt Gesundheit und Gl\u00fcck!<\/p>\n","protected":false},"excerpt":{"rendered":"<p>Am Donnerstag, den 29. November 2018 wurden die langj\u00e4hrigen GdP Mitglieder Martin Freitag und Klaus Weber offiziell\u00a0in den Ruhestand verabschiedet. Die GdP-Kreisgruppe Saarland w\u00fcnscht den Kollegen f\u00fcr den neuen Lebensabschnitt Gesundheit und Gl\u00fcck!<\/p>\n","protected":false},"author":1,"featured_media":0,"comment_status":"closed","ping_status":"closed","sticky":false,"template":"","format":"standard","meta":{"footnotes":""},"categories":[10,11,15],"tags":[],"class_list":["post-2121","post","type-post","status-publish","format-standard","hentry","category-allgemein","category-archiv","category-jubilaum"],"_links":{"self":[{"href":"https:\/\/kg-saarland.gdpbundespolizeikoblenz.de\/index.php?rest_route=\/wp\/v2\/posts\/2121","targetHints":{"allow":["GET"]}}],"collection":[{"href":"https:\/\/kg-saarland.gdpbundespolizeikoblenz.de\/index.php?rest_route=\/wp\/v2\/posts"}],"about":[{"href":"https:\/\/kg-saarland.gdpbundespolizeikoblenz.de\/index.php?rest_route=\/wp\/v2\/types\/post"}],"author":[{"embeddable":true,"href":"https:\/\/kg-saarland.gdpbundespolizeikoblenz.de\/index.php?rest_route=\/wp\/v2\/users\/1"}],"replies":[{"embeddable":true,"href":"https:\/\/kg-saarland.gdpbundespolizeikoblenz.de\/index.php?rest_route=%2Fwp%2Fv2%2Fcomments&post=2121"}],"version-history":[{"count":0,"href":"https:\/\/kg-saarland.gdpbundespolizeikoblenz.de\/index.php?rest_route=\/wp\/v2\/posts\/2121\/revisions"}],"wp:attachment":[{"href":"https:\/\/kg-saarland.gdpbundespolizeikoblenz.de\/index.php?rest_route=%2Fwp%2Fv2%2Fmedia&parent=2121"}],"wp:term":[{"taxonomy":"category","embeddable":true,"href":"https:\/\/kg-saarland.gdpbundespolizeikoblenz.de\/index.php?rest_route=%2Fwp%2Fv2%2Fcategories&post=2121"},{"taxonomy":"post_tag","embeddable":true,"href":"https:\/\/kg-saarland.gdpbundespolizeikoblenz.de\/index.php?rest_route=%2Fwp%2Fv2%2Ftags&post=2121"}],"curies":[{"name":"wp","href":"https:\/\/api.w.org\/{rel}","templated":true}]}}