{"id":2151,"date":"2019-02-14T18:29:37","date_gmt":"2019-02-14T17:29:37","guid":{"rendered":"https:\/\/kg-saarland.gdpbundespolizeikoblenz.de\/?p=2151"},"modified":"2023-12-13T08:19:36","modified_gmt":"2023-12-13T07:19:36","slug":"sommer-und-familienfest-2019-freitag-07-juni-2019-ab-1600-uhr","status":"publish","type":"post","link":"https:\/\/kg-saarland.gdpbundespolizeikoblenz.de\/?p=2151","title":{"rendered":"Sommer- und Familienfest 2019 &#8211; Freitag, 07.Juni 2019, ab 16:00 Uhr"},"content":{"rendered":"<table>\n<tbody>\n<tr>\n<td colspan=\"4\" width=\"493\"><strong><em>Einladung<\/em><\/strong><\/td>\n<\/tr>\n<tr>\n<td colspan=\"4\" width=\"493\"><em>\u00a0<\/em><\/td>\n<\/tr>\n<tr>\n<td colspan=\"4\" width=\"493\"><strong><em>Sommer- und Familienfest 2019 der GdP Kreisgruppe Saarland,<\/em><\/strong><\/p>\n<p><strong><em>der IPA Verbindungsstelle Saarbr\u00fccken-Bundespolizei e.V.<\/em><\/strong><\/p>\n<p><strong><em>und der BGS-Kameradschaft Saar-Mosel-Pfalz e.V.<\/em><\/strong><\/td>\n<\/tr>\n<tr>\n<td colspan=\"4\" width=\"493\"><em>\u00a0<\/em><\/td>\n<\/tr>\n<tr>\n<td colspan=\"4\" width=\"493\"><strong><em>Liebe Kolleginnen und Kollegen,<\/em><\/strong><\/td>\n<\/tr>\n<tr>\n<td colspan=\"4\" width=\"493\"><em>zum gemeinsamen <strong>Sommer- und Familienfest<\/strong> der <strong>GdP-<\/strong>Kreisgruppe Saarland, der <strong>IPA<\/strong>-Verbindungsstelle Saarbr\u00fccken-Bundespolizei e.V. und der <strong>BGS-Kameradschaft<\/strong> Saar-Mosel-Pfalz e.V. laden wir herzlich ein.<\/em><\/td>\n<\/tr>\n<tr>\n<td colspan=\"4\" width=\"493\"><em>\u00a0<\/em><\/td>\n<\/tr>\n<tr>\n<td width=\"164\"><em>Termin:<\/em><\/td>\n<td width=\"35\"><em>\u00a0<\/em><\/td>\n<td colspan=\"2\" width=\"294\"><strong><em>Freitag, den 07.Juni 2019, ab 16:00 Uhr<\/em><\/strong><\/td>\n<\/tr>\n<tr>\n<td width=\"164\"><em>Veranstaltungsort:<\/em><\/td>\n<td width=\"35\"><em>\u00a0<\/em><\/td>\n<td colspan=\"2\" width=\"294\"><strong><em>IPA Haus der VbSt Neunkirchen \/ Saar e. V.<\/em><\/strong><\/td>\n<\/tr>\n<tr>\n<td width=\"164\"><em>Adresse \/ Anfahrt:<\/em><\/td>\n<td width=\"35\"><em>\u00a0<\/em><\/td>\n<td colspan=\"2\" width=\"294\"><strong><em>Lakaiensch\u00e4ferei 3, 66539 Neunkirchen <\/em><\/strong><\/p>\n<p><strong><em>in der N\u00e4he des Neunkircher Kombibades<\/em><\/strong><\/td>\n<\/tr>\n<tr>\n<td colspan=\"4\" width=\"493\"><em>\u00a0<\/em><\/td>\n<\/tr>\n<tr>\n<td colspan=\"4\" width=\"493\">Alle Kolleginnen und Kollegen und ihre Familienmitglieder sind herzlichst eingeladen.<\/p>\n<p>F\u00fcr Speisen und Getr\u00e4nke ist gesorgt. Kuchenspenden und Salatspenden werden gerne noch entgegengenommen \u2013<\/p>\n<p>bez\u00fcglich der Koordination bitte telefonisch R\u00fccksprache halten f\u00fcr<\/p>\n<p><strong>Kuchenspenden mit Ingrid Zurek, Tel.: 06806-82410 oder Email: <\/strong><strong>ingrid.zurek@schlau.com<\/strong>,<\/p>\n<p>f\u00fcr <strong>Salatspenden mit <\/strong><strong>Eric Finkler, Tel.: 06826-522-3012 oder 0177-6115878 oder Email: eric.finkler@polizei.bund.de<\/strong>.<\/td>\n<\/tr>\n<tr>\n<td colspan=\"4\" width=\"493\"><\/td>\n<\/tr>\n<tr>\n<td colspan=\"4\" width=\"493\">Aus organisatorischen Gr\u00fcnden bitten wir um <strong>Anmeldung bis<\/strong> <strong>24.Mai 2019.<\/strong><\/td>\n<\/tr>\n<tr>\n<td colspan=\"4\" width=\"493\"><\/td>\n<\/tr>\n<tr>\n<td colspan=\"4\" width=\"493\">GdP-Kreisgruppe Saarland * GdP Gesch\u00e4ftsstelle * Saarpfalz Park 5 * 66450 Bexbach<\/p>\n<p>Tel.: 06826-522-1010<\/td>\n<\/tr>\n<tr>\n<td colspan=\"4\" width=\"493\"><\/td>\n<\/tr>\n<tr>\n<td colspan=\"4\" width=\"493\">Wir freuen uns auf rege Teilnahme und hoffen auf sch\u00f6nes sommerliches Wetter.<\/td>\n<\/tr>\n<tr>\n<td colspan=\"4\" width=\"493\"><\/td>\n<\/tr>\n<tr>\n<td width=\"164\"><strong><em>Werner Berger<br \/>\n<\/em><\/strong>VorsitzenderGdP KG Saarland<\/td>\n<td colspan=\"2\" width=\"183\"><strong><em>Eric Finkler<\/em><\/strong><\/p>\n<p>Verbindungsstellenleiter<\/p>\n<p>IPA<\/td>\n<td width=\"146\"><strong><em>Johannes Schach<\/em><\/strong><\/p>\n<p>BGS Kameradschaft<\/td>\n<\/tr>\n<tr>\n<td width=\"246\"><\/td>\n<td width=\"52\"><\/td>\n<td width=\"222\"><\/td>\n<td width=\"219\"><\/td>\n<\/tr>\n<\/tbody>\n<\/table>\n<p>&nbsp;<\/p>\n","protected":false},"excerpt":{"rendered":"<p>Einladung \u00a0 Sommer- und Familienfest 2019 der GdP Kreisgruppe Saarland, der IPA Verbindungsstelle Saarbr\u00fccken-Bundespolizei e.V. und der BGS-Kameradschaft Saar-Mosel-Pfalz e.V. \u00a0 Liebe Kolleginnen und Kollegen, zum gemeinsamen Sommer- und Familienfest der GdP-Kreisgruppe Saarland, der IPA-Verbindungsstelle Saarbr\u00fccken-Bundespolizei e.V. und der BGS-Kameradschaft Saar-Mosel-Pfalz e.V. laden wir herzlich ein. \u00a0 Termin: \u00a0 Freitag, <a class=\"more-link\" href=\"https:\/\/kg-saarland.gdpbundespolizeikoblenz.de\/?p=2151\">Weiterlesen<span class=\"screen-reader-text\">Sommer- und Familienfest 2019 &#8211; Freitag, 07.Juni 2019, ab 16:00 Uhr<\/span><span class=\"meta-nav\">&rarr;<\/span><\/a><\/p>\n","protected":false},"author":1,"featured_media":0,"comment_status":"closed","ping_status":"closed","sticky":false,"template":"","format":"standard","meta":{"footnotes":""},"categories":[10,11,12,15],"tags":[],"class_list":["post-2151","post","type-post","status-publish","format-standard","hentry","category-allgemein","category-archiv","category-ehrungen","category-jubilaum"],"_links":{"self":[{"href":"https:\/\/kg-saarland.gdpbundespolizeikoblenz.de\/index.php?rest_route=\/wp\/v2\/posts\/2151","targetHints":{"allow":["GET"]}}],"collection":[{"href":"https:\/\/kg-saarland.gdpbundespolizeikoblenz.de\/index.php?rest_route=\/wp\/v2\/posts"}],"about":[{"href":"https:\/\/kg-saarland.gdpbundespolizeikoblenz.de\/index.php?rest_route=\/wp\/v2\/types\/post"}],"author":[{"embeddable":true,"href":"https:\/\/kg-saarland.gdpbundespolizeikoblenz.de\/index.php?rest_route=\/wp\/v2\/users\/1"}],"replies":[{"embeddable":true,"href":"https:\/\/kg-saarland.gdpbundespolizeikoblenz.de\/index.php?rest_route=%2Fwp%2Fv2%2Fcomments&post=2151"}],"version-history":[{"count":0,"href":"https:\/\/kg-saarland.gdpbundespolizeikoblenz.de\/index.php?rest_route=\/wp\/v2\/posts\/2151\/revisions"}],"wp:attachment":[{"href":"https:\/\/kg-saarland.gdpbundespolizeikoblenz.de\/index.php?rest_route=%2Fwp%2Fv2%2Fmedia&parent=2151"}],"wp:term":[{"taxonomy":"category","embeddable":true,"href":"https:\/\/kg-saarland.gdpbundespolizeikoblenz.de\/index.php?rest_route=%2Fwp%2Fv2%2Fcategories&post=2151"},{"taxonomy":"post_tag","embeddable":true,"href":"https:\/\/kg-saarland.gdpbundespolizeikoblenz.de\/index.php?rest_route=%2Fwp%2Fv2%2Ftags&post=2151"}],"curies":[{"name":"wp","href":"https:\/\/api.w.org\/{rel}","templated":true}]}}