{"id":2225,"date":"2019-03-28T13:40:18","date_gmt":"2019-03-28T12:40:18","guid":{"rendered":"https:\/\/kg-saarland.gdpbundespolizeikoblenz.de\/?p=2225"},"modified":"2019-03-28T18:02:17","modified_gmt":"2019-03-28T17:02:17","slug":"einkommenssteigerungen-aus-der-tarifrunde-2018-werden-wirksam-mehr-geld-fuer-alle","status":"publish","type":"post","link":"https:\/\/kg-saarland.gdpbundespolizeikoblenz.de\/?p=2225","title":{"rendered":"Einkommenssteigerungen aus der Tarifrunde 2018 werden wirksam: &#8212; Mehr Geld f\u00fcr alle! &#8212;"},"content":{"rendered":"<p>Einkommenssteigerungen aus der Tarifrunde 2018 werden wirksam: &#8212; Mehr Geld f\u00fcr alle! &#8211;&#013;<br \/>\nEure Bez\u00fcge-Mitteilung des Monats April d\u00fcrfte Euch ein L\u00e4cheln ins Gesicht zaubern. Schlie\u00dflich erh\u00f6ht sich Euer Lohn ab dem 1. April 2019 im Schnitt um 3,09 Prozent.&#013;<br \/>\n<a href=\"https:\/\/www.gdp.de\/gdp\/gdpbupo.nsf\/ID\/BF8100FB65C3A4CBC12583BE00401314?Open\" target=\"_blank\" rel=\"noopener noreferrer\">Einkommenssteigerungen aus der Tarifrunde 2018 werden wirksam: &#8212; Mehr Geld f\u00fcr alle! &#8212;<\/a>&#013;<\/p>\n","protected":false},"excerpt":{"rendered":"<p>Einkommenssteigerungen aus der Tarifrunde 2018 werden wirksam: &#8212; Mehr Geld f\u00fcr alle! &#8211;&#013; Eure Bez\u00fcge-Mitteilung des Monats April d\u00fcrfte Euch ein L\u00e4cheln ins Gesicht zaubern. Schlie\u00dflich erh\u00f6ht sich Euer Lohn ab dem 1. April 2019 im Schnitt um 3,09 Prozent.&#013; Einkommenssteigerungen aus der Tarifrunde 2018 werden wirksam: &#8212; Mehr Geld <a class=\"more-link\" href=\"https:\/\/kg-saarland.gdpbundespolizeikoblenz.de\/?p=2225\">Weiterlesen<span class=\"screen-reader-text\">Einkommenssteigerungen aus der Tarifrunde 2018 werden wirksam: &#8212; Mehr Geld f\u00fcr alle! &#8212;<\/span><span class=\"meta-nav\">&rarr;<\/span><\/a><\/p>\n","protected":false},"author":0,"featured_media":0,"comment_status":"false","ping_status":"closed","sticky":false,"template":"","format":"standard","meta":{"footnotes":""},"categories":[73],"tags":[69],"class_list":["post-2225","post","type-post","status-publish","format-standard","hentry","category-aktuell","tag-50-jahre-gdp-migliedschaft"],"_links":{"self":[{"href":"https:\/\/kg-saarland.gdpbundespolizeikoblenz.de\/index.php?rest_route=\/wp\/v2\/posts\/2225","targetHints":{"allow":["GET"]}}],"collection":[{"href":"https:\/\/kg-saarland.gdpbundespolizeikoblenz.de\/index.php?rest_route=\/wp\/v2\/posts"}],"about":[{"href":"https:\/\/kg-saarland.gdpbundespolizeikoblenz.de\/index.php?rest_route=\/wp\/v2\/types\/post"}],"replies":[{"embeddable":true,"href":"https:\/\/kg-saarland.gdpbundespolizeikoblenz.de\/index.php?rest_route=%2Fwp%2Fv2%2Fcomments&post=2225"}],"version-history":[{"count":1,"href":"https:\/\/kg-saarland.gdpbundespolizeikoblenz.de\/index.php?rest_route=\/wp\/v2\/posts\/2225\/revisions"}],"predecessor-version":[{"id":2226,"href":"https:\/\/kg-saarland.gdpbundespolizeikoblenz.de\/index.php?rest_route=\/wp\/v2\/posts\/2225\/revisions\/2226"}],"wp:attachment":[{"href":"https:\/\/kg-saarland.gdpbundespolizeikoblenz.de\/index.php?rest_route=%2Fwp%2Fv2%2Fmedia&parent=2225"}],"wp:term":[{"taxonomy":"category","embeddable":true,"href":"https:\/\/kg-saarland.gdpbundespolizeikoblenz.de\/index.php?rest_route=%2Fwp%2Fv2%2Fcategories&post=2225"},{"taxonomy":"post_tag","embeddable":true,"href":"https:\/\/kg-saarland.gdpbundespolizeikoblenz.de\/index.php?rest_route=%2Fwp%2Fv2%2Ftags&post=2225"}],"curies":[{"name":"wp","href":"https:\/\/api.w.org\/{rel}","templated":true}]}}