{"id":2256,"date":"2019-04-10T09:54:01","date_gmt":"2019-04-10T07:54:01","guid":{"rendered":"https:\/\/kg-saarland.gdpbundespolizeikoblenz.de\/?p=2256"},"modified":"2019-04-17T07:20:31","modified_gmt":"2019-04-17T05:20:31","slug":"gdp-vor-ort-rechtsschutzkommission-besucht-muenchner-dgb-rechtsschutzbuero","status":"publish","type":"post","link":"https:\/\/kg-saarland.gdpbundespolizeikoblenz.de\/?p=2256","title":{"rendered":"GdP vor Ort: &#8212; Rechtsschutzkommission besucht M\u00fcnchner DGB Rechtsschutzb\u00fcro &#8212;"},"content":{"rendered":"<p>GdP vor Ort: &#8212; Rechtsschutzkommission besucht M\u00fcnchner DGB Rechtsschutzb\u00fcro &#8211;&#013;<br \/>\nAm gestrigen Dienstag (9. April 2019) trafen sich die Rechtsschutzkommission und die Justiziarin des GdP-Bezirks Bundespolizei mit der Koordinatorin des DGB Rechtsschutzes Cornelia van Buren und dem Rechtsschutzsekret\u00e4r Davide Barone am Flughafen M\u00fcnchen, wo seit circa zwei Monaten das DGB Rechtschutzb\u00fcro angesiedelt ist.&#013;<br \/>\n<a href=\"https:\/\/www.gdp.de\/gdp\/gdpbupo.nsf\/ID\/506B2D7D3C2D991BC12583D8002B5EE8?Open\" target=\"_blank\" rel=\"noopener noreferrer\">GdP vor Ort: &#8212; Rechtsschutzkommission besucht M\u00fcnchner DGB Rechtsschutzb\u00fcro &#8212;<\/a>&#013;<\/p>\n","protected":false},"excerpt":{"rendered":"<p>GdP vor Ort: &#8212; Rechtsschutzkommission besucht M\u00fcnchner DGB Rechtsschutzb\u00fcro &#8211;&#013; Am gestrigen Dienstag (9. April 2019) trafen sich die Rechtsschutzkommission und die Justiziarin des GdP-Bezirks Bundespolizei mit der Koordinatorin des DGB Rechtsschutzes Cornelia van Buren und dem Rechtsschutzsekret\u00e4r Davide Barone am Flughafen M\u00fcnchen, wo seit circa zwei Monaten das DGB <a class=\"more-link\" href=\"https:\/\/kg-saarland.gdpbundespolizeikoblenz.de\/?p=2256\">Weiterlesen<span class=\"screen-reader-text\">GdP vor Ort: &#8212; Rechtsschutzkommission besucht M\u00fcnchner DGB Rechtsschutzb\u00fcro &#8212;<\/span><span class=\"meta-nav\">&rarr;<\/span><\/a><\/p>\n","protected":false},"author":0,"featured_media":0,"comment_status":"false","ping_status":"closed","sticky":false,"template":"","format":"standard","meta":{"footnotes":""},"categories":[73],"tags":[69],"class_list":["post-2256","post","type-post","status-publish","format-standard","hentry","category-aktuell","tag-50-jahre-gdp-migliedschaft"],"_links":{"self":[{"href":"https:\/\/kg-saarland.gdpbundespolizeikoblenz.de\/index.php?rest_route=\/wp\/v2\/posts\/2256","targetHints":{"allow":["GET"]}}],"collection":[{"href":"https:\/\/kg-saarland.gdpbundespolizeikoblenz.de\/index.php?rest_route=\/wp\/v2\/posts"}],"about":[{"href":"https:\/\/kg-saarland.gdpbundespolizeikoblenz.de\/index.php?rest_route=\/wp\/v2\/types\/post"}],"replies":[{"embeddable":true,"href":"https:\/\/kg-saarland.gdpbundespolizeikoblenz.de\/index.php?rest_route=%2Fwp%2Fv2%2Fcomments&post=2256"}],"version-history":[{"count":1,"href":"https:\/\/kg-saarland.gdpbundespolizeikoblenz.de\/index.php?rest_route=\/wp\/v2\/posts\/2256\/revisions"}],"predecessor-version":[{"id":2257,"href":"https:\/\/kg-saarland.gdpbundespolizeikoblenz.de\/index.php?rest_route=\/wp\/v2\/posts\/2256\/revisions\/2257"}],"wp:attachment":[{"href":"https:\/\/kg-saarland.gdpbundespolizeikoblenz.de\/index.php?rest_route=%2Fwp%2Fv2%2Fmedia&parent=2256"}],"wp:term":[{"taxonomy":"category","embeddable":true,"href":"https:\/\/kg-saarland.gdpbundespolizeikoblenz.de\/index.php?rest_route=%2Fwp%2Fv2%2Fcategories&post=2256"},{"taxonomy":"post_tag","embeddable":true,"href":"https:\/\/kg-saarland.gdpbundespolizeikoblenz.de\/index.php?rest_route=%2Fwp%2Fv2%2Ftags&post=2256"}],"curies":[{"name":"wp","href":"https:\/\/api.w.org\/{rel}","templated":true}]}}