{"id":2263,"date":"2019-05-03T11:13:17","date_gmt":"2019-05-03T09:13:17","guid":{"rendered":"https:\/\/kg-saarland.gdpbundespolizeikoblenz.de\/?p=2263"},"modified":"2019-05-05T19:17:28","modified_gmt":"2019-05-05T17:17:28","slug":"gdp-positionen-grenzpolizei-fuer-europa-in-freiheit-mit-sicherheit","status":"publish","type":"post","link":"https:\/\/kg-saarland.gdpbundespolizeikoblenz.de\/?p=2263","title":{"rendered":"GdP-Positionen &#8212; Grenzpolizei f\u00fcr Europa in Freiheit mit Sicherheit &#8212;"},"content":{"rendered":"<p>GdP-Positionen &#8212; Grenzpolizei f\u00fcr Europa in Freiheit mit Sicherheit &#8211;&#013;<br \/>\nP\u00fcnktlich zur hei\u00dfen Phase des Europawahlkampfs und des bevorstehenden Europatages am 9. Mai 2019 veranschaulicht die Gewerkschaft der Polizei (GdP) \u2013 Bezirk Bundespolizei ihre Positionen f\u00fcr eine moderne Grenzpolizei.&#013;<br \/>\n<a href=\"https:\/\/www.gdp.de\/gdp\/gdpbupo.nsf\/ID\/E0F97D3433A68FDEC12583EF0032A4BD?Open\" target=\"_blank\" rel=\"noopener noreferrer\">GdP-Positionen &#8212; Grenzpolizei f\u00fcr Europa in Freiheit mit Sicherheit &#8212;<\/a>&#013;<\/p>\n","protected":false},"excerpt":{"rendered":"<p>GdP-Positionen &#8212; Grenzpolizei f\u00fcr Europa in Freiheit mit Sicherheit &#8211;&#013; P\u00fcnktlich zur hei\u00dfen Phase des Europawahlkampfs und des bevorstehenden Europatages am 9. Mai 2019 veranschaulicht die Gewerkschaft der Polizei (GdP) \u2013 Bezirk Bundespolizei ihre Positionen f\u00fcr eine moderne Grenzpolizei.&#013; GdP-Positionen &#8212; Grenzpolizei f\u00fcr Europa in Freiheit mit Sicherheit &#8212;&#013;<\/p>\n","protected":false},"author":0,"featured_media":0,"comment_status":"false","ping_status":"closed","sticky":false,"template":"","format":"standard","meta":{"footnotes":""},"categories":[73],"tags":[69],"class_list":["post-2263","post","type-post","status-publish","format-standard","hentry","category-aktuell","tag-50-jahre-gdp-migliedschaft"],"_links":{"self":[{"href":"https:\/\/kg-saarland.gdpbundespolizeikoblenz.de\/index.php?rest_route=\/wp\/v2\/posts\/2263","targetHints":{"allow":["GET"]}}],"collection":[{"href":"https:\/\/kg-saarland.gdpbundespolizeikoblenz.de\/index.php?rest_route=\/wp\/v2\/posts"}],"about":[{"href":"https:\/\/kg-saarland.gdpbundespolizeikoblenz.de\/index.php?rest_route=\/wp\/v2\/types\/post"}],"replies":[{"embeddable":true,"href":"https:\/\/kg-saarland.gdpbundespolizeikoblenz.de\/index.php?rest_route=%2Fwp%2Fv2%2Fcomments&post=2263"}],"version-history":[{"count":1,"href":"https:\/\/kg-saarland.gdpbundespolizeikoblenz.de\/index.php?rest_route=\/wp\/v2\/posts\/2263\/revisions"}],"predecessor-version":[{"id":2264,"href":"https:\/\/kg-saarland.gdpbundespolizeikoblenz.de\/index.php?rest_route=\/wp\/v2\/posts\/2263\/revisions\/2264"}],"wp:attachment":[{"href":"https:\/\/kg-saarland.gdpbundespolizeikoblenz.de\/index.php?rest_route=%2Fwp%2Fv2%2Fmedia&parent=2263"}],"wp:term":[{"taxonomy":"category","embeddable":true,"href":"https:\/\/kg-saarland.gdpbundespolizeikoblenz.de\/index.php?rest_route=%2Fwp%2Fv2%2Fcategories&post=2263"},{"taxonomy":"post_tag","embeddable":true,"href":"https:\/\/kg-saarland.gdpbundespolizeikoblenz.de\/index.php?rest_route=%2Fwp%2Fv2%2Ftags&post=2263"}],"curies":[{"name":"wp","href":"https:\/\/api.w.org\/{rel}","templated":true}]}}