{"id":2281,"date":"2019-05-07T13:52:37","date_gmt":"2019-05-07T11:52:37","guid":{"rendered":"https:\/\/kg-saarland.gdpbundespolizeikoblenz.de\/?p=2281"},"modified":"2019-05-12T19:30:16","modified_gmt":"2019-05-12T17:30:16","slug":"gdp-zur-respektkampagne-gegenueber-uniformierten-joerg-radek-polizeikraefte-erleben-fast-taeglich-unvermittelt-brutale-gewalt","status":"publish","type":"post","link":"https:\/\/kg-saarland.gdpbundespolizeikoblenz.de\/?p=2281","title":{"rendered":"GdP zur Respektkampagne gegen\u00fcber Uniformierten &#8212; J\u00f6rg Radek: Polizeikr\u00e4fte erleben fast t\u00e4glich unvermittelt brutale Gewalt &#8212;"},"content":{"rendered":"<p>GdP zur Respektkampagne gegen\u00fcber Uniformierten &#8212; J\u00f6rg Radek: Polizeikr\u00e4fte erleben fast t\u00e4glich unvermittelt brutale Gewalt &#8211;&#013;<br \/>\nDie Gewerkschaft der Polizei (GdP) unterst\u00fctzt angesichts deutlich zunehmender \u00dcbergriffe auf uniformierte Einsatzkr\u00e4fte die neuerliche Respektkampagne des Bundesinnenministeriums.&#013;<br \/>\n<a href=\"https:\/\/www.gdp.de\/gdp\/gdpbupo.nsf\/ID\/91DDCE9A3D1F5775C12583F300413873?Open\" target=\"_blank\" rel=\"noopener noreferrer\">GdP zur Respektkampagne gegen\u00fcber Uniformierten &#8212; J\u00f6rg Radek: Polizeikr\u00e4fte erleben fast t\u00e4glich unvermittelt brutale Gewalt &#8212;<\/a>&#013;<\/p>\n","protected":false},"excerpt":{"rendered":"<p>GdP zur Respektkampagne gegen\u00fcber Uniformierten &#8212; J\u00f6rg Radek: Polizeikr\u00e4fte erleben fast t\u00e4glich unvermittelt brutale Gewalt &#8211;&#013; Die Gewerkschaft der Polizei (GdP) unterst\u00fctzt angesichts deutlich zunehmender \u00dcbergriffe auf uniformierte Einsatzkr\u00e4fte die neuerliche Respektkampagne des Bundesinnenministeriums.&#013; GdP zur Respektkampagne gegen\u00fcber Uniformierten &#8212; J\u00f6rg Radek: Polizeikr\u00e4fte erleben fast t\u00e4glich unvermittelt brutale Gewalt &#8212;&#013;<\/p>\n","protected":false},"author":0,"featured_media":0,"comment_status":"false","ping_status":"closed","sticky":false,"template":"","format":"standard","meta":{"footnotes":""},"categories":[73],"tags":[69],"class_list":["post-2281","post","type-post","status-publish","format-standard","hentry","category-aktuell","tag-50-jahre-gdp-migliedschaft"],"_links":{"self":[{"href":"https:\/\/kg-saarland.gdpbundespolizeikoblenz.de\/index.php?rest_route=\/wp\/v2\/posts\/2281","targetHints":{"allow":["GET"]}}],"collection":[{"href":"https:\/\/kg-saarland.gdpbundespolizeikoblenz.de\/index.php?rest_route=\/wp\/v2\/posts"}],"about":[{"href":"https:\/\/kg-saarland.gdpbundespolizeikoblenz.de\/index.php?rest_route=\/wp\/v2\/types\/post"}],"replies":[{"embeddable":true,"href":"https:\/\/kg-saarland.gdpbundespolizeikoblenz.de\/index.php?rest_route=%2Fwp%2Fv2%2Fcomments&post=2281"}],"version-history":[{"count":1,"href":"https:\/\/kg-saarland.gdpbundespolizeikoblenz.de\/index.php?rest_route=\/wp\/v2\/posts\/2281\/revisions"}],"predecessor-version":[{"id":2282,"href":"https:\/\/kg-saarland.gdpbundespolizeikoblenz.de\/index.php?rest_route=\/wp\/v2\/posts\/2281\/revisions\/2282"}],"wp:attachment":[{"href":"https:\/\/kg-saarland.gdpbundespolizeikoblenz.de\/index.php?rest_route=%2Fwp%2Fv2%2Fmedia&parent=2281"}],"wp:term":[{"taxonomy":"category","embeddable":true,"href":"https:\/\/kg-saarland.gdpbundespolizeikoblenz.de\/index.php?rest_route=%2Fwp%2Fv2%2Fcategories&post=2281"},{"taxonomy":"post_tag","embeddable":true,"href":"https:\/\/kg-saarland.gdpbundespolizeikoblenz.de\/index.php?rest_route=%2Fwp%2Fv2%2Ftags&post=2281"}],"curies":[{"name":"wp","href":"https:\/\/api.w.org\/{rel}","templated":true}]}}