{"id":2323,"date":"2019-05-28T14:22:49","date_gmt":"2019-05-28T12:22:49","guid":{"rendered":"https:\/\/kg-saarland.gdpbundespolizeikoblenz.de\/?p=2323"},"modified":"2019-05-28T15:06:23","modified_gmt":"2019-05-28T13:06:23","slug":"ehrungen-fuer-langjaehrige-gewerkschaftszugehoerigkeiten-gdp-kg-saarland","status":"publish","type":"post","link":"https:\/\/kg-saarland.gdpbundespolizeikoblenz.de\/?p=2323","title":{"rendered":"Ehrungen f\u00fcr langj\u00e4hrige Gewerkschaftszugeh\u00f6rigkeiten GdP KG Saarland"},"content":{"rendered":"<p>Am 24.05.2019 ehrte die Gewerkschaft der Polizei \u2013 Bezirk Bundespolizei- Kreisgruppe Saarland f\u00fcr 40, 50 und 70 Jahre Mitgliedschaft.<\/p>\n<p><span style=\"font-size: 12.0pt; font-family: 'Arial',sans-serif;\">Die Ehrungen f\u00fcr <\/span><span style=\"font-size: 12.0pt; font-family: 'Arial',sans-serif;\">40 Jahre<br \/>\n<\/span><span style=\"font-size: 12.0pt; font-family: 'Arial',sans-serif;\">Klaus WEBER (3ter v.l,),<br \/>\nKarl-Werner SEUBERT (7ter v.l.)<\/span><\/p>\n<p><span style=\"font-size: 12.0pt; font-family: 'Arial',sans-serif;\">50 Jahre<br \/>\n<\/span><span style=\"font-size: 12.0pt; font-family: 'Arial',sans-serif;\">Friedrich DENNE (5ter v.l.)<br \/>\n<\/span><span style=\"font-size: 12.0pt; font-family: 'Arial',sans-serif;\">Hermann SCHMITT (2ter v.l.),<\/span><\/p>\n<p><span style=\"font-size: 12.0pt; font-family: 'Arial',sans-serif;\">70 Jahre (!)<br \/>\n<\/span><span style=\"font-size: 12.0pt; font-family: 'Arial',sans-serif;\">Horst B\u00c4SEL (8ter v.l.)<\/span><\/p>\n<p><span style=\"font-size: 12.0pt; font-family: 'Arial',sans-serif;\">wurden durchgef\u00fchrt von <\/span><span style=\"font-size: 12.0pt; font-family: 'Arial',sans-serif;\">Mitglied des Bundesvorstandes GdP und Vorsitzender der DG Koblenz PHK Roland VOSS (1ter v.l.),\u00a0<\/span><span style=\"font-size: 12.0pt; font-family: 'Arial',sans-serif;\">der saarl\u00e4ndischen CDU-Bundestagsabgeordneten Nadine SCH\u00d6N (2te v.l) und\u00a0<\/span><span style=\"font-size: 12.0pt; font-family: 'Arial',sans-serif;\">dem Vorsitzenden der GdP- Kreisgruppe Saarland EPHK Werner BERGER\u00a0<\/span><span style=\"font-size: 12.0pt; font-family: 'Arial',sans-serif;\">(1ter v.R.)<\/span><\/p>\n<p><span style=\"font-size: 12.0pt; font-family: 'Arial',sans-serif;\">Weitere Jubilare der Kreisgruppe &#8230;<\/span><\/p>\n<p><span style=\"font-size: 12.0pt; font-family: 'Arial',sans-serif;\">25 Jahre Mitgliedschaft<br \/>\n<\/span><span style=\"font-size: 12.0pt; font-family: 'Arial',sans-serif;\">Christoph Emmrich<br \/>\n<\/span><span style=\"font-size: 12.0pt; font-family: 'Arial',sans-serif;\">Ralf Guth\u00f6rl<br \/>\n<\/span><span style=\"font-size: 12.0pt; font-family: 'Arial',sans-serif;\">Edgar Hoen<br \/>\n<\/span><span style=\"font-size: 12.0pt; font-family: 'Arial',sans-serif;\">Christoph Hunsicker<br \/>\n<\/span><span style=\"font-size: 12.0pt; font-family: 'Arial',sans-serif;\">Yvonne Peters<br \/>\n<\/span><span style=\"font-size: 12.0pt; font-family: 'Arial',sans-serif;\">Klaus-Uwe Rosar<br \/>\n<\/span><span style=\"font-size: 12.0pt; font-family: 'Arial',sans-serif;\">Gunnar Stoll<br \/>\n<\/span><span style=\"font-size: 12.0pt; font-family: 'Arial',sans-serif;\">Alexander Thiel<br \/>\n<\/span><span style=\"font-size: 12.0pt; font-family: 'Arial',sans-serif;\">Birgit Weis<\/span><\/p>\n<p><span style=\"font-size: 12.0pt; font-family: 'Arial',sans-serif;\">40 Jahre Mitgliedschaft<br \/>\n<\/span><span style=\"font-size: 12.0pt; font-family: 'Arial',sans-serif;\">Manfred Barbian<br \/>\n<\/span><span style=\"font-size: 12.0pt; font-family: 'Arial',sans-serif;\">Siegfried Decker<br \/>\n<\/span><span style=\"font-size: 12.0pt; font-family: 'Arial',sans-serif;\">Barbara Rau<br \/>\n<\/span><span style=\"font-size: 12.0pt; font-family: 'Arial',sans-serif;\">Birgit Reinardt<br \/>\n<\/span><span style=\"font-size: 12.0pt; font-family: 'Arial',sans-serif;\">Gerald Schreiner<br \/>\n<\/span><span style=\"font-size: 12.0pt; font-family: 'Arial',sans-serif;\">Karl-Werner Seubert<br \/>\n<\/span><span style=\"font-size: 12.0pt; font-family: 'Arial',sans-serif;\">Theo Wei\u00dfkircher<\/span><\/p>\n<p><span style=\"font-size: 12.0pt; font-family: 'Arial',sans-serif;\">50 Jahre Mitgliedschaft<br \/>\n<\/span><span style=\"font-size: 12.0pt; font-family: 'Arial',sans-serif;\">Alwin Braunshausen<br \/>\n<\/span><span style=\"font-size: 12.0pt; font-family: 'Arial',sans-serif;\">Irmgard Brunnet<\/span><\/p>\n<p><span style=\"font-size: 12.0pt; font-family: 'Arial',sans-serif;\"><br \/>\n<\/span><span style=\"font-size: 12.0pt; font-family: 'Arial',sans-serif;\">60 Jahre Mitgliedschaft<br \/>\n<\/span><span style=\"font-size: 12.0pt; font-family: 'Arial',sans-serif;\">Horst Schmidt<\/span><span style=\"font-size: 12.0pt; font-family: 'Arial',sans-serif;\">\u00a0<\/span><\/p>\n<p><span style=\"font-size: 12.0pt; font-family: 'Arial',sans-serif;\">Die verhinderten Jubilare werden im Rahmen des Sommer- und Familienfestes der GdP-Kreisgruppe Saarland die Ehrungen f\u00fcr 40, 50 und 60 Jahre Mitgliedschaft\u00a0<\/span><span style=\"font-size: 12.0pt; font-family: 'Arial',sans-serif;\">nachgeholt, zusammen mit den Ehrungen f\u00fcr die 25 j\u00e4hrige Gewerkschaftszugeh\u00f6rigkeit.<\/span><\/p>\n<p>&nbsp;<\/p>\n<figure id=\"attachment_2316\" aria-describedby=\"caption-attachment-2316\" style=\"width: 530px\" class=\"wp-caption alignnone\"><a href=\"https:\/\/kg-saarland.gdpbundespolizeikoblenz.de\/wp-content\/uploads\/2019\/05\/alle-Jubilarec.jpg\" target=\"_blank\" rel=\"noopener noreferrer\"><img loading=\"lazy\" decoding=\"async\" class=\"wp-image-2316 size-large\" src=\"https:\/\/kg-saarland.gdpbundespolizeikoblenz.de\/wp-content\/uploads\/2019\/05\/alle-Jubilarec-1024x577.jpg\" alt=\"\" width=\"530\" height=\"299\" \/><\/a><figcaption id=\"caption-attachment-2316\" class=\"wp-caption-text\">Voss, Schmitt, Weber, MdB Sch\u00f6ne, Denne, B\u00e4sel, Seubert, Berger<\/figcaption><\/figure>\n<p><a href=\"https:\/\/kg-saarland.gdpbundespolizeikoblenz.de\/wp-content\/uploads\/2019\/05\/Karl-Werner-Seubert-40b.jpg\" target=\"_blank\" rel=\"noopener noreferrer\"><img loading=\"lazy\" decoding=\"async\" class=\"alignnone size-medium wp-image-2309\" src=\"https:\/\/kg-saarland.gdpbundespolizeikoblenz.de\/wp-content\/uploads\/2019\/05\/Karl-Werner-Seubert-40b-300x225.jpg\" alt=\"\" width=\"300\" height=\"225\" \/><\/a><a href=\"https:\/\/kg-saarland.gdpbundespolizeikoblenz.de\/wp-content\/uploads\/2019\/05\/Klaus-Weber-40b.jpg\" target=\"_blank\" rel=\"noopener noreferrer\"><img loading=\"lazy\" decoding=\"async\" class=\"alignnone size-medium wp-image-2311\" src=\"https:\/\/kg-saarland.gdpbundespolizeikoblenz.de\/wp-content\/uploads\/2019\/05\/Klaus-Weber-40b-300x225.jpg\" alt=\"\" width=\"300\" height=\"225\" \/><\/a><a href=\"https:\/\/kg-saarland.gdpbundespolizeikoblenz.de\/wp-content\/uploads\/2019\/05\/Hermann-Schmitt-50b.jpg\" target=\"_blank\" rel=\"noopener noreferrer\"><img loading=\"lazy\" decoding=\"async\" class=\"alignnone size-medium wp-image-2308\" src=\"https:\/\/kg-saarland.gdpbundespolizeikoblenz.de\/wp-content\/uploads\/2019\/05\/Hermann-Schmitt-50b-300x225.jpg\" alt=\"\" width=\"300\" height=\"225\" \/><\/a><a href=\"https:\/\/kg-saarland.gdpbundespolizeikoblenz.de\/wp-content\/uploads\/2019\/05\/Fritz-Denne-50b.jpg\" target=\"_blank\" rel=\"noopener noreferrer\"><img loading=\"lazy\" decoding=\"async\" class=\"alignnone size-medium wp-image-2307\" src=\"https:\/\/kg-saarland.gdpbundespolizeikoblenz.de\/wp-content\/uploads\/2019\/05\/Fritz-Denne-50b-300x225.jpg\" alt=\"\" width=\"300\" height=\"225\" \/><\/a><a href=\"https:\/\/kg-saarland.gdpbundespolizeikoblenz.de\/wp-content\/uploads\/2019\/05\/Horst-B\u00e4sel-70b.jpg\" target=\"_blank\" rel=\"noopener noreferrer\"><img loading=\"lazy\" decoding=\"async\" class=\"alignnone size-medium wp-image-2312\" src=\"https:\/\/kg-saarland.gdpbundespolizeikoblenz.de\/wp-content\/uploads\/2019\/05\/Horst-B\u00e4sel-70b-300x225.jpg\" alt=\"\" width=\"300\" height=\"225\" \/><\/a><\/p>\n<p><a href=\"https:\/\/kg-saarland.gdpbundespolizeikoblenz.de\/wp-content\/uploads\/2018\/12\/img_8848.jpg\" target=\"_blank\" rel=\"noopener noreferrer\"><img loading=\"lazy\" decoding=\"async\" class=\"alignnone wp-image-2128\" src=\"https:\/\/kg-saarland.gdpbundespolizeikoblenz.de\/wp-content\/uploads\/2018\/12\/img_8848.jpg\" alt=\"\" width=\"350\" height=\"263\" \/><\/a><\/p>\n","protected":false},"excerpt":{"rendered":"<p>Am 24.05.2019 ehrte die Gewerkschaft der Polizei \u2013 Bezirk Bundespolizei- Kreisgruppe Saarland f\u00fcr 40, 50 und 70 Jahre Mitgliedschaft. Die Ehrungen f\u00fcr 40 Jahre Klaus WEBER (3ter v.l,), Karl-Werner SEUBERT (7ter v.l.) 50 Jahre Friedrich DENNE (5ter v.l.) Hermann SCHMITT (2ter v.l.), 70 Jahre (!) Horst B\u00c4SEL (8ter v.l.) wurden <a class=\"more-link\" href=\"https:\/\/kg-saarland.gdpbundespolizeikoblenz.de\/?p=2323\">Weiterlesen<span class=\"screen-reader-text\">Ehrungen f\u00fcr langj\u00e4hrige Gewerkschaftszugeh\u00f6rigkeiten GdP KG Saarland<\/span><span class=\"meta-nav\">&rarr;<\/span><\/a><\/p>\n","protected":false},"author":1,"featured_media":0,"comment_status":"closed","ping_status":"closed","sticky":false,"template":"","format":"standard","meta":{"footnotes":""},"categories":[73,10,12,15],"tags":[],"class_list":["post-2323","post","type-post","status-publish","format-standard","hentry","category-aktuell","category-allgemein","category-ehrungen","category-jubilaum"],"_links":{"self":[{"href":"https:\/\/kg-saarland.gdpbundespolizeikoblenz.de\/index.php?rest_route=\/wp\/v2\/posts\/2323","targetHints":{"allow":["GET"]}}],"collection":[{"href":"https:\/\/kg-saarland.gdpbundespolizeikoblenz.de\/index.php?rest_route=\/wp\/v2\/posts"}],"about":[{"href":"https:\/\/kg-saarland.gdpbundespolizeikoblenz.de\/index.php?rest_route=\/wp\/v2\/types\/post"}],"author":[{"embeddable":true,"href":"https:\/\/kg-saarland.gdpbundespolizeikoblenz.de\/index.php?rest_route=\/wp\/v2\/users\/1"}],"replies":[{"embeddable":true,"href":"https:\/\/kg-saarland.gdpbundespolizeikoblenz.de\/index.php?rest_route=%2Fwp%2Fv2%2Fcomments&post=2323"}],"version-history":[{"count":0,"href":"https:\/\/kg-saarland.gdpbundespolizeikoblenz.de\/index.php?rest_route=\/wp\/v2\/posts\/2323\/revisions"}],"wp:attachment":[{"href":"https:\/\/kg-saarland.gdpbundespolizeikoblenz.de\/index.php?rest_route=%2Fwp%2Fv2%2Fmedia&parent=2323"}],"wp:term":[{"taxonomy":"category","embeddable":true,"href":"https:\/\/kg-saarland.gdpbundespolizeikoblenz.de\/index.php?rest_route=%2Fwp%2Fv2%2Fcategories&post=2323"},{"taxonomy":"post_tag","embeddable":true,"href":"https:\/\/kg-saarland.gdpbundespolizeikoblenz.de\/index.php?rest_route=%2Fwp%2Fv2%2Ftags&post=2323"}],"curies":[{"name":"wp","href":"https:\/\/api.w.org\/{rel}","templated":true}]}}