{"id":2371,"date":"2019-06-04T08:52:20","date_gmt":"2019-06-04T06:52:20","guid":{"rendered":"https:\/\/kg-saarland.gdpbundespolizeikoblenz.de\/?p=2371"},"modified":"2019-06-20T19:04:08","modified_gmt":"2019-06-20T17:04:08","slug":"25-jahre-gdp-bezirk-bundespolizei-otto-schily-wuerdigt-vertrauensvolle-zusammenarbeit-und-kritischen-dialog","status":"publish","type":"post","link":"https:\/\/kg-saarland.gdpbundespolizeikoblenz.de\/?p=2371","title":{"rendered":"25 Jahre GdP-Bezirk Bundespolizei &#8212; Otto Schily w\u00fcrdigt vertrauensvolle Zusammenarbeit und kritischen Dialog &#8212;"},"content":{"rendered":"<p>25 Jahre GdP-Bezirk Bundespolizei &#8212; Otto Schily w\u00fcrdigt vertrauensvolle Zusammenarbeit und kritischen Dialog &#8211;&#013;<br \/>\nOtto Schily, Bundesinnenminister a.D. hat anl\u00e4sslich des 25-j\u00e4hrigen Bestehens des GdP-Bezirks Bundespolizei in seiner Festrede klare Worte gefunden: &#8222;Nach meiner Erfahrung ist hinsichtlich der Probleme und Fragen, die sich f\u00fcr die Polizeiarbeit ergeben, die beste Beratung der kritische Dialog mit der Gewerkschaft der Polizei.&#8220;&#013;<br \/>\n<a href=\"https:\/\/www.gdp.de\/gdp\/gdpbupo.nsf\/ID\/8A90C97CEDC54A9FC125840F00258FB4?Open\" target=\"_blank\" rel=\"noopener noreferrer\">25 Jahre GdP-Bezirk Bundespolizei &#8212; Otto Schily w\u00fcrdigt vertrauensvolle Zusammenarbeit und kritischen Dialog &#8212;<\/a>&#013;<\/p>\n","protected":false},"excerpt":{"rendered":"<p>25 Jahre GdP-Bezirk Bundespolizei &#8212; Otto Schily w\u00fcrdigt vertrauensvolle Zusammenarbeit und kritischen Dialog &#8211;&#013; Otto Schily, Bundesinnenminister a.D. hat anl\u00e4sslich des 25-j\u00e4hrigen Bestehens des GdP-Bezirks Bundespolizei in seiner Festrede klare Worte gefunden: &#8222;Nach meiner Erfahrung ist hinsichtlich der Probleme und Fragen, die sich f\u00fcr die Polizeiarbeit ergeben, die beste Beratung <a class=\"more-link\" href=\"https:\/\/kg-saarland.gdpbundespolizeikoblenz.de\/?p=2371\">Weiterlesen<span class=\"screen-reader-text\">25 Jahre GdP-Bezirk Bundespolizei &#8212; Otto Schily w\u00fcrdigt vertrauensvolle Zusammenarbeit und kritischen Dialog &#8212;<\/span><span class=\"meta-nav\">&rarr;<\/span><\/a><\/p>\n","protected":false},"author":0,"featured_media":0,"comment_status":"false","ping_status":"closed","sticky":false,"template":"","format":"standard","meta":{"footnotes":""},"categories":[73],"tags":[69],"class_list":["post-2371","post","type-post","status-publish","format-standard","hentry","category-aktuell","tag-50-jahre-gdp-migliedschaft"],"_links":{"self":[{"href":"https:\/\/kg-saarland.gdpbundespolizeikoblenz.de\/index.php?rest_route=\/wp\/v2\/posts\/2371","targetHints":{"allow":["GET"]}}],"collection":[{"href":"https:\/\/kg-saarland.gdpbundespolizeikoblenz.de\/index.php?rest_route=\/wp\/v2\/posts"}],"about":[{"href":"https:\/\/kg-saarland.gdpbundespolizeikoblenz.de\/index.php?rest_route=\/wp\/v2\/types\/post"}],"replies":[{"embeddable":true,"href":"https:\/\/kg-saarland.gdpbundespolizeikoblenz.de\/index.php?rest_route=%2Fwp%2Fv2%2Fcomments&post=2371"}],"version-history":[{"count":1,"href":"https:\/\/kg-saarland.gdpbundespolizeikoblenz.de\/index.php?rest_route=\/wp\/v2\/posts\/2371\/revisions"}],"predecessor-version":[{"id":2372,"href":"https:\/\/kg-saarland.gdpbundespolizeikoblenz.de\/index.php?rest_route=\/wp\/v2\/posts\/2371\/revisions\/2372"}],"wp:attachment":[{"href":"https:\/\/kg-saarland.gdpbundespolizeikoblenz.de\/index.php?rest_route=%2Fwp%2Fv2%2Fmedia&parent=2371"}],"wp:term":[{"taxonomy":"category","embeddable":true,"href":"https:\/\/kg-saarland.gdpbundespolizeikoblenz.de\/index.php?rest_route=%2Fwp%2Fv2%2Fcategories&post=2371"},{"taxonomy":"post_tag","embeddable":true,"href":"https:\/\/kg-saarland.gdpbundespolizeikoblenz.de\/index.php?rest_route=%2Fwp%2Fv2%2Ftags&post=2371"}],"curies":[{"name":"wp","href":"https:\/\/api.w.org\/{rel}","templated":true}]}}