{"id":2421,"date":"2019-09-27T07:50:39","date_gmt":"2019-09-27T05:50:39","guid":{"rendered":"https:\/\/kg-saarland.gdpbundespolizeikoblenz.de\/?p=2421"},"modified":"2020-09-04T19:47:53","modified_gmt":"2020-09-04T17:47:53","slug":"delegiertentag-2019-der-gdp-kreisgruppe-saarland-und-ehrungen-fuer-40-jahre-mitgliedschaft-in-der-gdp","status":"publish","type":"post","link":"https:\/\/kg-saarland.gdpbundespolizeikoblenz.de\/?p=2421","title":{"rendered":"Delegiertentag 2019 der GdP Kreisgruppe Saarland und Ehrungen f\u00fcr 40 Jahre Mitgliedschaft in der GdP"},"content":{"rendered":"\r\n<p dir=\"LTR\" align=\"LEFT\">Der Delegiertentag der Kreisgruppe Saarland fand am 09.09.2019 im gro\u00dfen Besprechungssaal der ehemaligen Bundesbahndirektion in Saarbr\u00fccken statt.<\/p>\r\n<p dir=\"LTR\" align=\"LEFT\">Neben der Aufstellung der Kandidatenlisten f\u00fcr die Personalratswahlen 2020 durch die Delegierten, wurden Fragen der Mitwirkung bei der Gestaltung von Angelegenheiten des \u00f6ffentlichen Dienstes im Rahmen der vertrauensvollen Zusammenarbeit gem\u00e4\u00df BPersVG zum Wohle der Besch\u00e4ftigten und zur Erf\u00fcllung der Dienststelle obliegenden Aufgaben behandelt.<\/p>\r\n<p dir=\"LTR\" align=\"LEFT\"><a href=\"https:\/\/kg-saarland.gdpbundespolizeikoblenz.de\/wp-content\/uploads\/2019\/09\/img_2889.jpg\" target=\"_blank\" rel=\"noopener noreferrer\"><img loading=\"lazy\" decoding=\"async\" class=\"alignnone wp-image-2411 size-medium\" src=\"https:\/\/kg-saarland.gdpbundespolizeikoblenz.de\/wp-content\/uploads\/2019\/09\/img_2889-300x122.jpg\" alt=\"\" width=\"300\" height=\"122\" \/><\/a><\/p>\r\n<p dir=\"LTR\" align=\"LEFT\">F\u00fcr 40 Jahre Mitgliedschaft wurden Gerald Schreiner und Birgit Reinardt geehrt.<\/p>\r\n\r\n\r\n\r\n<figure class=\"wp-block-image\"><img decoding=\"async\" class=\"wp-image-2409\" src=\"https:\/\/kg-saarland.gdpbundespolizeikoblenz.de\/wp-content\/uploads\/2019\/09\/img_2872.jpg\" alt=\"\" \/><\/figure>\r\n\r\n\r\n\r\n<figure class=\"wp-block-image\"><img decoding=\"async\" class=\"wp-image-2413\" src=\"https:\/\/kg-saarland.gdpbundespolizeikoblenz.de\/wp-content\/uploads\/2019\/09\/img_2867.jpg\" alt=\"\" \/><\/figure>\r\n","protected":false},"excerpt":{"rendered":"<p>Der Delegiertentag der Kreisgruppe Saarland fand am 09.09.2019 im gro\u00dfen Besprechungssaal der ehemaligen Bundesbahndirektion in Saarbr\u00fccken statt. Neben der Aufstellung der Kandidatenlisten f\u00fcr die Personalratswahlen 2020 durch die Delegierten, wurden Fragen der Mitwirkung bei der Gestaltung von Angelegenheiten des \u00f6ffentlichen Dienstes im Rahmen der vertrauensvollen Zusammenarbeit gem\u00e4\u00df BPersVG zum Wohle <a class=\"more-link\" href=\"https:\/\/kg-saarland.gdpbundespolizeikoblenz.de\/?p=2421\">Weiterlesen<span class=\"screen-reader-text\">Delegiertentag 2019 der GdP Kreisgruppe Saarland und Ehrungen f\u00fcr 40 Jahre Mitgliedschaft in der GdP<\/span><span class=\"meta-nav\">&rarr;<\/span><\/a><\/p>\n","protected":false},"author":1,"featured_media":0,"comment_status":"closed","ping_status":"closed","sticky":false,"template":"","format":"standard","meta":{"footnotes":""},"categories":[73,10,12,15,22,1],"tags":[],"class_list":["post-2421","post","type-post","status-publish","format-standard","hentry","category-aktuell","category-allgemein","category-ehrungen","category-jubilaum","category-personalratswahlen","category-uncategorized"],"_links":{"self":[{"href":"https:\/\/kg-saarland.gdpbundespolizeikoblenz.de\/index.php?rest_route=\/wp\/v2\/posts\/2421","targetHints":{"allow":["GET"]}}],"collection":[{"href":"https:\/\/kg-saarland.gdpbundespolizeikoblenz.de\/index.php?rest_route=\/wp\/v2\/posts"}],"about":[{"href":"https:\/\/kg-saarland.gdpbundespolizeikoblenz.de\/index.php?rest_route=\/wp\/v2\/types\/post"}],"author":[{"embeddable":true,"href":"https:\/\/kg-saarland.gdpbundespolizeikoblenz.de\/index.php?rest_route=\/wp\/v2\/users\/1"}],"replies":[{"embeddable":true,"href":"https:\/\/kg-saarland.gdpbundespolizeikoblenz.de\/index.php?rest_route=%2Fwp%2Fv2%2Fcomments&post=2421"}],"version-history":[{"count":0,"href":"https:\/\/kg-saarland.gdpbundespolizeikoblenz.de\/index.php?rest_route=\/wp\/v2\/posts\/2421\/revisions"}],"wp:attachment":[{"href":"https:\/\/kg-saarland.gdpbundespolizeikoblenz.de\/index.php?rest_route=%2Fwp%2Fv2%2Fmedia&parent=2421"}],"wp:term":[{"taxonomy":"category","embeddable":true,"href":"https:\/\/kg-saarland.gdpbundespolizeikoblenz.de\/index.php?rest_route=%2Fwp%2Fv2%2Fcategories&post=2421"},{"taxonomy":"post_tag","embeddable":true,"href":"https:\/\/kg-saarland.gdpbundespolizeikoblenz.de\/index.php?rest_route=%2Fwp%2Fv2%2Ftags&post=2421"}],"curies":[{"name":"wp","href":"https:\/\/api.w.org\/{rel}","templated":true}]}}