{"id":2457,"date":"2019-11-25T14:18:53","date_gmt":"2019-11-25T13:18:53","guid":{"rendered":"https:\/\/kg-saarland.gdpbundespolizeikoblenz.de\/?p=2457"},"modified":"2019-11-27T18:04:41","modified_gmt":"2019-11-27T17:04:41","slug":"gdp-zum-aktionstag-am-25-november-gdp-frauen-fordern-hand-in-hand-gegen-gewalt-an-frauen-und-maedchen","status":"publish","type":"post","link":"https:\/\/kg-saarland.gdpbundespolizeikoblenz.de\/?p=2457","title":{"rendered":"GdP zum Aktionstag am 25. November &#8212; GdP-Frauen fordern: Hand in Hand gegen Gewalt an Frauen und M\u00e4dchen &#8212;"},"content":{"rendered":"<p>GdP zum Aktionstag am 25. November &#8212; GdP-Frauen fordern: Hand in Hand gegen Gewalt an Frauen und M\u00e4dchen &#8211;&#013;<br \/>\nDie Zahlen sind nach Einsch\u00e4tzung der Gewerkschaft der Polizei (GdP) bedr\u00fcckend: Jede dritte Frau in Deutschland wird Opfer von k\u00f6rperlicher oder sexualisierter Gewalt. 25 Prozent aller Frauen erleben dies in einer Partnerschaft. Zwei von drei Frauen werden sexuell bel\u00e4stigt. 24 Prozent der Frauen werden Opfer von Stalking. 42 Prozent der Frauen erleben Formen von psychischer Gewalt. Gewaltanwendungen an Frauen seien ein gesellschaftliches Problem, das aber in zunehmendem Ma\u00dfe ge\u00e4chtet werde, betont Elke G\u00fcndner-Ede, Mitglied im Gesch\u00e4ftsf\u00fchrenden GdP-Bundesvorstand, vor dem am Montag (25. November) allj\u00e4hrlich stattfindenden Aktionstag gegen Gewalt an Frauen und M\u00e4dchen.&#013;<br \/>\n<a href=\"https:\/\/www.gdp.de\/gdp\/gdpbupo.nsf\/ID\/DF7EF34E8D2370B4C12584BD00439C4D?Open\" target=\"_blank\" rel=\"noopener noreferrer\">GdP zum Aktionstag am 25. November &#8212; GdP-Frauen fordern: Hand in Hand gegen Gewalt an Frauen und M\u00e4dchen &#8212;<\/a>&#013;<\/p>\n","protected":false},"excerpt":{"rendered":"<p>GdP zum Aktionstag am 25. November &#8212; GdP-Frauen fordern: Hand in Hand gegen Gewalt an Frauen und M\u00e4dchen &#8211;&#013; Die Zahlen sind nach Einsch\u00e4tzung der Gewerkschaft der Polizei (GdP) bedr\u00fcckend: Jede dritte Frau in Deutschland wird Opfer von k\u00f6rperlicher oder sexualisierter Gewalt. 25 Prozent aller Frauen erleben dies in einer <a class=\"more-link\" href=\"https:\/\/kg-saarland.gdpbundespolizeikoblenz.de\/?p=2457\">Weiterlesen<span class=\"screen-reader-text\">GdP zum Aktionstag am 25. November &#8212; GdP-Frauen fordern: Hand in Hand gegen Gewalt an Frauen und M\u00e4dchen &#8212;<\/span><span class=\"meta-nav\">&rarr;<\/span><\/a><\/p>\n","protected":false},"author":0,"featured_media":0,"comment_status":"false","ping_status":"closed","sticky":false,"template":"","format":"standard","meta":{"footnotes":""},"categories":[73],"tags":[69],"class_list":["post-2457","post","type-post","status-publish","format-standard","hentry","category-aktuell","tag-50-jahre-gdp-migliedschaft"],"_links":{"self":[{"href":"https:\/\/kg-saarland.gdpbundespolizeikoblenz.de\/index.php?rest_route=\/wp\/v2\/posts\/2457","targetHints":{"allow":["GET"]}}],"collection":[{"href":"https:\/\/kg-saarland.gdpbundespolizeikoblenz.de\/index.php?rest_route=\/wp\/v2\/posts"}],"about":[{"href":"https:\/\/kg-saarland.gdpbundespolizeikoblenz.de\/index.php?rest_route=\/wp\/v2\/types\/post"}],"replies":[{"embeddable":true,"href":"https:\/\/kg-saarland.gdpbundespolizeikoblenz.de\/index.php?rest_route=%2Fwp%2Fv2%2Fcomments&post=2457"}],"version-history":[{"count":1,"href":"https:\/\/kg-saarland.gdpbundespolizeikoblenz.de\/index.php?rest_route=\/wp\/v2\/posts\/2457\/revisions"}],"predecessor-version":[{"id":2458,"href":"https:\/\/kg-saarland.gdpbundespolizeikoblenz.de\/index.php?rest_route=\/wp\/v2\/posts\/2457\/revisions\/2458"}],"wp:attachment":[{"href":"https:\/\/kg-saarland.gdpbundespolizeikoblenz.de\/index.php?rest_route=%2Fwp%2Fv2%2Fmedia&parent=2457"}],"wp:term":[{"taxonomy":"category","embeddable":true,"href":"https:\/\/kg-saarland.gdpbundespolizeikoblenz.de\/index.php?rest_route=%2Fwp%2Fv2%2Fcategories&post=2457"},{"taxonomy":"post_tag","embeddable":true,"href":"https:\/\/kg-saarland.gdpbundespolizeikoblenz.de\/index.php?rest_route=%2Fwp%2Fv2%2Ftags&post=2457"}],"curies":[{"name":"wp","href":"https:\/\/api.w.org\/{rel}","templated":true}]}}