{"id":2474,"date":"2019-12-19T08:48:56","date_gmt":"2019-12-19T07:48:56","guid":{"rendered":"https:\/\/kg-saarland.gdpbundespolizeikoblenz.de\/?p=2474"},"modified":"2020-09-04T19:47:34","modified_gmt":"2020-09-04T17:47:34","slug":"die-spd-fraktion-des-saarlaendischen-landtages-besuchte-am-18-12-2019-mit-dem-ausschuss-fuer-inneres-die-bundespolizei-in-bexbach","status":"publish","type":"post","link":"https:\/\/kg-saarland.gdpbundespolizeikoblenz.de\/?p=2474","title":{"rendered":"Die SPD-Fraktion des saarl\u00e4ndischen Landtages besuchte am 18.12.2019 mit dem Ausschuss f\u00fcr Inneres die Bundespolizei in Bexbach"},"content":{"rendered":"<p><strong>Vor allem interessierten die Abgeordneten die Auswirkungen des geplanten Stellenzuwachses der Bundespolizei auf das Saarland.<\/strong><\/p>\n<p>Die Bundespolizei w\u00e4chst in den n\u00e4chsten Jahren um mehr als 24.000 zus\u00e4tzliche Beamtinnen und Beamte auf und wird mit mehr als 60.000 Besch\u00e4ftigten zur gr\u00f6\u00dften Polizei in Deutschland werden. Weiterhin m\u00fcssen tausende von Ruhest\u00e4nden mit Nachwuchs ersetzt werden.<\/p>\n<p>Damit die enormen Herausforderungen an Fortbildung und der notwendige Ausbildungs- und Einstellungsbedarf bei der Bundespolizei gedeckt werden kann, sind neue Standorte f\u00fcr die Bundespolizei erforderlich.<\/p>\n<p>Die Parlamentarier sind der Meinung, dass dieses eine einmalige Chance f\u00fcr das Saarland w\u00e4re.<\/p>\n<p>Nach Informationen der GdP Kreisgruppe Bundespolizei Saarland, soll das Bundesinnenministerium das Saarland nach einer internen Pr\u00fcfung neuer bundesweiter Ausbildungsstandorte nicht ber\u00fccksichtigen.<\/p>\n<p>Bereits letzte Woche forderte der der saarl\u00e4ndische Bundestagsabgeordnete Christian Petry (SPD), den saarl\u00e4ndischen Innenminister Klaus Bouillon auf, sich zu erkl\u00e4ren, wieso er es vers\u00e4umte, sich f\u00fcr einen Ausbildungsstandort der Bundespolizei im Saarland einzusetzen.<\/p>\n<p>Petry erkl\u00e4rte, dass mit dem Bundeshaushalt 2020 und seinen Haushaltserm\u00e4chtigungen die Bundesregierung und der Bundestag den bundesweit notwendigen Stellenzuwachs bei der Bundespolizei sichergestellt habe.<\/p>\n<p>\u00dcber den vorgesehenen Zuwachs von rund 12.700 Stellen bis 2021 sind hierdurch weitere 11.300 zus\u00e4tzliche Stellen bis 2025 gew\u00e4hrleistet.<\/p>\n<p>Der personelle Zuwachs erfordert eine umfassende Neustrukturierung der Aus- und Fortbildungsstrukturen der Bundespolizei.<\/p>\n<p>Er setzt sich daf\u00fcr ein, dass das Saarland von dem Stellenaufwuchs nachhaltig profitiere.<\/p>\n<p>Die Gewerkschaft der Polizei (GdP) fordert sich seit vielen Jahren einen deutlichen Aufwuchs der Bundespolizei in der Region ein.<\/p>\n<p>Hierf\u00fcr gibt es gen\u00fcgend Sach- und Fachargumente.<\/p>\n<p>Das Saarland hat als europ\u00e4ische Grenzregion eine Vorreiterrolle.<\/p>\n<p>Mit Blick auf die notwendige personelle Ausweitung der Europ\u00e4ischen Agentur f\u00fcr die Grenz- und K\u00fcstenwache (Frontex) und einer w\u00fcnschenswerten St\u00e4rkung der grenz\u00fcberschreitenden Zusammenarbeit mit Frankreich w\u00e4re hiermit eine gro\u00dfe Chance f\u00fcr das Saarland und die gesamte angrenzende Region verbunden.<\/p>\n<p>Entscheiden muss dieses die Politik. Wenn es nicht gew\u00fcnscht ist, dass die Bundespolizei im Saarland deutlich aufw\u00e4chst und es nur um Eitelkeiten und sachfremde Argumente geht, wird dass Saarland und die Region weiter abgeh\u00e4ngt werden.<\/p>\n<p>Freuen d\u00fcrfen sich andere Bundesl\u00e4nder.<\/p>\n<figure id=\"attachment_2472\" aria-describedby=\"caption-attachment-2472\" style=\"width: 300px\" class=\"wp-caption alignnone\"><a href=\"https:\/\/kg-saarland.gdpbundespolizeikoblenz.de\/wp-content\/uploads\/2019\/12\/img_5810-scaled.jpg\" target=\"_blank\" rel=\"noopener noreferrer\"><img loading=\"lazy\" decoding=\"async\" class=\"wp-image-2472 size-medium\" src=\"https:\/\/kg-saarland.gdpbundespolizeikoblenz.de\/wp-content\/uploads\/2019\/12\/img_5810-300x241.jpg\" alt=\"\" width=\"300\" height=\"241\" \/><\/a><figcaption id=\"caption-attachment-2472\" class=\"wp-caption-text\">Foto: v.l.n.r.: EPHK T.A. Stauter (stellv. Inspektionsleiter BPOLI Bexbach), MdL Petra Berg (Vorsitzende des Innenausschuss des Saarlandes), Roland Voss (Mitglied des gesch\u00e4ftsf\u00fchrenden Vorstandes der GdP Bezirk Bundespolizei), MdL Reiner Zimmer, MdL Christina Baltes, MdL Stefan Pauluhn Sprecher der Fraktion f\u00fcr Polizei, Verfassungsschutz und Innere Sicherheit) und PD Ralf Leyens (Inspektionsleiter BPOLI Bexbach)<\/figcaption><\/figure>\n<p>&nbsp;<\/p>\n","protected":false},"excerpt":{"rendered":"<p>Vor allem interessierten die Abgeordneten die Auswirkungen des geplanten Stellenzuwachses der Bundespolizei auf das Saarland. Die Bundespolizei w\u00e4chst in den n\u00e4chsten Jahren um mehr als 24.000 zus\u00e4tzliche Beamtinnen und Beamte auf und wird mit mehr als 60.000 Besch\u00e4ftigten zur gr\u00f6\u00dften Polizei in Deutschland werden. Weiterhin m\u00fcssen tausende von Ruhest\u00e4nden mit <a class=\"more-link\" href=\"https:\/\/kg-saarland.gdpbundespolizeikoblenz.de\/?p=2474\">Weiterlesen<span class=\"screen-reader-text\">Die SPD-Fraktion des saarl\u00e4ndischen Landtages besuchte am 18.12.2019 mit dem Ausschuss f\u00fcr Inneres die Bundespolizei in Bexbach<\/span><span class=\"meta-nav\">&rarr;<\/span><\/a><\/p>\n","protected":false},"author":1,"featured_media":0,"comment_status":"closed","ping_status":"closed","sticky":false,"template":"","format":"standard","meta":{"footnotes":""},"categories":[73,10],"tags":[],"class_list":["post-2474","post","type-post","status-publish","format-standard","hentry","category-aktuell","category-allgemein"],"_links":{"self":[{"href":"https:\/\/kg-saarland.gdpbundespolizeikoblenz.de\/index.php?rest_route=\/wp\/v2\/posts\/2474","targetHints":{"allow":["GET"]}}],"collection":[{"href":"https:\/\/kg-saarland.gdpbundespolizeikoblenz.de\/index.php?rest_route=\/wp\/v2\/posts"}],"about":[{"href":"https:\/\/kg-saarland.gdpbundespolizeikoblenz.de\/index.php?rest_route=\/wp\/v2\/types\/post"}],"author":[{"embeddable":true,"href":"https:\/\/kg-saarland.gdpbundespolizeikoblenz.de\/index.php?rest_route=\/wp\/v2\/users\/1"}],"replies":[{"embeddable":true,"href":"https:\/\/kg-saarland.gdpbundespolizeikoblenz.de\/index.php?rest_route=%2Fwp%2Fv2%2Fcomments&post=2474"}],"version-history":[{"count":0,"href":"https:\/\/kg-saarland.gdpbundespolizeikoblenz.de\/index.php?rest_route=\/wp\/v2\/posts\/2474\/revisions"}],"wp:attachment":[{"href":"https:\/\/kg-saarland.gdpbundespolizeikoblenz.de\/index.php?rest_route=%2Fwp%2Fv2%2Fmedia&parent=2474"}],"wp:term":[{"taxonomy":"category","embeddable":true,"href":"https:\/\/kg-saarland.gdpbundespolizeikoblenz.de\/index.php?rest_route=%2Fwp%2Fv2%2Fcategories&post=2474"},{"taxonomy":"post_tag","embeddable":true,"href":"https:\/\/kg-saarland.gdpbundespolizeikoblenz.de\/index.php?rest_route=%2Fwp%2Fv2%2Ftags&post=2474"}],"curies":[{"name":"wp","href":"https:\/\/api.w.org\/{rel}","templated":true}]}}