{"id":2631,"date":"2020-06-15T10:06:26","date_gmt":"2020-06-15T08:06:26","guid":{"rendered":"https:\/\/kg-saarland.gdpbundespolizeikoblenz.de\/?p=2631"},"modified":"2023-05-21T07:57:34","modified_gmt":"2023-05-21T05:57:34","slug":"gdp-staerkt-bundespolizei-und-zoll-den-ruecken-hueber-fordert-bessere-rahmenbedingungen-an-den-grenzen","status":"publish","type":"post","link":"https:\/\/kg-saarland.gdpbundespolizeikoblenz.de\/?p=2631","title":{"rendered":"GdP st\u00e4rkt Bundespolizei und Zoll den R\u00fccken &#8212; H\u00fcber fordert bessere Rahmenbedingungen an den Grenzen &#8212;"},"content":{"rendered":"<p>GdP st\u00e4rkt Bundespolizei und Zoll den R\u00fccken &#8212; H\u00fcber fordert bessere Rahmenbedingungen an den Grenzen &#8212;<br \/>\nAnl\u00e4sslich der Beendigung der \u201eCorona-Grenzkontrollen\u201c durch die Bundespolizei und den Zoll sieht die Gewerkschaft der Polizei (GdP) das gro\u00dfe Vertrauen der Bev\u00f6lkerung in die Sicherheitsbeh\u00f6rden vollauf gerechtfertigt.<br \/>\n<a href=\"https:\/\/www.gdp.de\/gdp\/gdpbupo.nsf\/ID\/E0A52C9B5FC914C1C1258588002C7C9E?Open\" target=\"_blank\" rel=\"noopener noreferrer\">GdP st\u00e4rkt Bundespolizei und Zoll den R\u00fccken &#8212; H\u00fcber fordert bessere Rahmenbedingungen an den Grenzen &#8212;<\/a><\/p>\n","protected":false},"excerpt":{"rendered":"<p>GdP st\u00e4rkt Bundespolizei und Zoll den R\u00fccken &#8212; H\u00fcber fordert bessere Rahmenbedingungen an den Grenzen &#8212; Anl\u00e4sslich der Beendigung der \u201eCorona-Grenzkontrollen\u201c durch die Bundespolizei und den Zoll sieht die Gewerkschaft der Polizei (GdP) das gro\u00dfe Vertrauen der Bev\u00f6lkerung in die Sicherheitsbeh\u00f6rden vollauf gerechtfertigt. GdP st\u00e4rkt Bundespolizei und Zoll den R\u00fccken <a class=\"more-link\" href=\"https:\/\/kg-saarland.gdpbundespolizeikoblenz.de\/?p=2631\">Weiterlesen<span class=\"screen-reader-text\">GdP st\u00e4rkt Bundespolizei und Zoll den R\u00fccken &#8212; H\u00fcber fordert bessere Rahmenbedingungen an den Grenzen &#8212;<\/span><span class=\"meta-nav\">&rarr;<\/span><\/a><\/p>\n","protected":false},"author":1,"featured_media":0,"comment_status":"closed","ping_status":"closed","sticky":false,"template":"","format":"standard","meta":{"footnotes":""},"categories":[73],"tags":[],"class_list":["post-2631","post","type-post","status-publish","format-standard","hentry","category-aktuell"],"_links":{"self":[{"href":"https:\/\/kg-saarland.gdpbundespolizeikoblenz.de\/index.php?rest_route=\/wp\/v2\/posts\/2631","targetHints":{"allow":["GET"]}}],"collection":[{"href":"https:\/\/kg-saarland.gdpbundespolizeikoblenz.de\/index.php?rest_route=\/wp\/v2\/posts"}],"about":[{"href":"https:\/\/kg-saarland.gdpbundespolizeikoblenz.de\/index.php?rest_route=\/wp\/v2\/types\/post"}],"author":[{"embeddable":true,"href":"https:\/\/kg-saarland.gdpbundespolizeikoblenz.de\/index.php?rest_route=\/wp\/v2\/users\/1"}],"replies":[{"embeddable":true,"href":"https:\/\/kg-saarland.gdpbundespolizeikoblenz.de\/index.php?rest_route=%2Fwp%2Fv2%2Fcomments&post=2631"}],"version-history":[{"count":1,"href":"https:\/\/kg-saarland.gdpbundespolizeikoblenz.de\/index.php?rest_route=\/wp\/v2\/posts\/2631\/revisions"}],"predecessor-version":[{"id":2632,"href":"https:\/\/kg-saarland.gdpbundespolizeikoblenz.de\/index.php?rest_route=\/wp\/v2\/posts\/2631\/revisions\/2632"}],"wp:attachment":[{"href":"https:\/\/kg-saarland.gdpbundespolizeikoblenz.de\/index.php?rest_route=%2Fwp%2Fv2%2Fmedia&parent=2631"}],"wp:term":[{"taxonomy":"category","embeddable":true,"href":"https:\/\/kg-saarland.gdpbundespolizeikoblenz.de\/index.php?rest_route=%2Fwp%2Fv2%2Fcategories&post=2631"},{"taxonomy":"post_tag","embeddable":true,"href":"https:\/\/kg-saarland.gdpbundespolizeikoblenz.de\/index.php?rest_route=%2Fwp%2Fv2%2Ftags&post=2631"}],"curies":[{"name":"wp","href":"https:\/\/api.w.org\/{rel}","templated":true}]}}