{"id":2645,"date":"2020-07-14T08:22:56","date_gmt":"2020-07-14T06:22:56","guid":{"rendered":"https:\/\/kg-saarland.gdpbundespolizeikoblenz.de\/?p=2645"},"modified":"2023-05-21T07:57:45","modified_gmt":"2023-05-21T05:57:45","slug":"gastbeitrag-in-der-frankfurter-allgemeinen-zeitung-faz-vom-14-juli-2020-die-polizei-verteidigt-unsere-demokratie-fremde-federn-reiner-hoffmann-und-dietmar-schilff","status":"publish","type":"post","link":"https:\/\/kg-saarland.gdpbundespolizeikoblenz.de\/?p=2645","title":{"rendered":"Gastbeitrag in der Frankfurter Allgemeinen Zeitung (FAZ) vom 14. Juli 2020 &#8212; Die Polizei verteidigt unsere Demokratie &#8212; Fremde Federn: Reiner Hoffmann und Dietmar Schilff"},"content":{"rendered":"<p>Gastbeitrag in der Frankfurter Allgemeinen Zeitung (FAZ) vom 14. Juli 2020 &#8212; Die Polizei verteidigt unsere Demokratie &#8212; Fremde Federn: Reiner Hoffmann und Dietmar Schilff<br \/>\nBesch\u00e4ftigte im \u00f6ffentlichen Dienst sehen sich schon seit geraumer Zeit verst\u00e4rkt mit Aggressionen, Hass und Gewalt konfrontiert. Seit Ausbruch der Corona-Krise versch\u00e4rft sich dieses Problem. Egal ob Rettungssanit\u00e4ter und -sanit\u00e4terinnen, Feuerwehrm\u00e4nner und -frauen oder Polizisten und Polizistinnen &#8211; sie alle m\u00fcssen in j\u00fcngster Zeit st\u00e4ndig damit rechnen, im Dienst noch st\u00e4rker als sonst zur Zielscheibe verbaler und physischer Angriffe zu werden. Klar ist: Wo der Staat sich aus der \u00f6ffentlichen Daseinsvorsorge zur\u00fcckzieht, wo Personal eingespart wird und Investitionen ausbleiben, dort leiden das Vertrauen der B\u00fcrger in den Staat und der gesellschaftliche Zusammenhalt.<br \/>\n<a href=\"https:\/\/www.gdp.de\/gdp\/gdp.nsf\/ID\/F3BF71A60CFFCACCC12585A500230643?Open\" target=\"_blank\" rel=\"noopener noreferrer\">Gastbeitrag in der Frankfurter Allgemeinen Zeitung (FAZ) vom 14. Juli 2020 &#8212; Die Polizei verteidigt unsere Demokratie &#8212; Fremde Federn: Reiner Hoffmann und Dietmar Schilff<\/a><\/p>\n","protected":false},"excerpt":{"rendered":"<p>Gastbeitrag in der Frankfurter Allgemeinen Zeitung (FAZ) vom 14. Juli 2020 &#8212; Die Polizei verteidigt unsere Demokratie &#8212; Fremde Federn: Reiner Hoffmann und Dietmar Schilff Besch\u00e4ftigte im \u00f6ffentlichen Dienst sehen sich schon seit geraumer Zeit verst\u00e4rkt mit Aggressionen, Hass und Gewalt konfrontiert. Seit Ausbruch der Corona-Krise versch\u00e4rft sich dieses Problem. <a class=\"more-link\" href=\"https:\/\/kg-saarland.gdpbundespolizeikoblenz.de\/?p=2645\">Weiterlesen<span class=\"screen-reader-text\">Gastbeitrag in der Frankfurter Allgemeinen Zeitung (FAZ) vom 14. Juli 2020 &#8212; Die Polizei verteidigt unsere Demokratie &#8212; Fremde Federn: Reiner Hoffmann und Dietmar Schilff<\/span><span class=\"meta-nav\">&rarr;<\/span><\/a><\/p>\n","protected":false},"author":1,"featured_media":0,"comment_status":"closed","ping_status":"closed","sticky":false,"template":"","format":"standard","meta":{"footnotes":""},"categories":[90],"tags":[],"class_list":["post-2645","post","type-post","status-publish","format-standard","hentry","category-gdp-news"],"_links":{"self":[{"href":"https:\/\/kg-saarland.gdpbundespolizeikoblenz.de\/index.php?rest_route=\/wp\/v2\/posts\/2645","targetHints":{"allow":["GET"]}}],"collection":[{"href":"https:\/\/kg-saarland.gdpbundespolizeikoblenz.de\/index.php?rest_route=\/wp\/v2\/posts"}],"about":[{"href":"https:\/\/kg-saarland.gdpbundespolizeikoblenz.de\/index.php?rest_route=\/wp\/v2\/types\/post"}],"author":[{"embeddable":true,"href":"https:\/\/kg-saarland.gdpbundespolizeikoblenz.de\/index.php?rest_route=\/wp\/v2\/users\/1"}],"replies":[{"embeddable":true,"href":"https:\/\/kg-saarland.gdpbundespolizeikoblenz.de\/index.php?rest_route=%2Fwp%2Fv2%2Fcomments&post=2645"}],"version-history":[{"count":1,"href":"https:\/\/kg-saarland.gdpbundespolizeikoblenz.de\/index.php?rest_route=\/wp\/v2\/posts\/2645\/revisions"}],"predecessor-version":[{"id":2646,"href":"https:\/\/kg-saarland.gdpbundespolizeikoblenz.de\/index.php?rest_route=\/wp\/v2\/posts\/2645\/revisions\/2646"}],"wp:attachment":[{"href":"https:\/\/kg-saarland.gdpbundespolizeikoblenz.de\/index.php?rest_route=%2Fwp%2Fv2%2Fmedia&parent=2645"}],"wp:term":[{"taxonomy":"category","embeddable":true,"href":"https:\/\/kg-saarland.gdpbundespolizeikoblenz.de\/index.php?rest_route=%2Fwp%2Fv2%2Fcategories&post=2645"},{"taxonomy":"post_tag","embeddable":true,"href":"https:\/\/kg-saarland.gdpbundespolizeikoblenz.de\/index.php?rest_route=%2Fwp%2Fv2%2Ftags&post=2645"}],"curies":[{"name":"wp","href":"https:\/\/api.w.org\/{rel}","templated":true}]}}