{"id":2675,"date":"2020-08-25T11:36:22","date_gmt":"2020-08-25T09:36:22","guid":{"rendered":"https:\/\/kg-saarland.gdpbundespolizeikoblenz.de\/?p=2675"},"modified":"2020-09-28T13:53:03","modified_gmt":"2020-09-28T11:53:03","slug":"jubilaeen-innerhalb-der-kreisgruppe-saarland-ehrungen-in-gelockerten-corona-zeiten","status":"publish","type":"post","link":"https:\/\/kg-saarland.gdpbundespolizeikoblenz.de\/?p=2675","title":{"rendered":"Jubil\u00e4en innerhalb der Kreisgruppe Saarland. Ehrungen in &#8222;gelockerten&#8220; CORONA Zeiten"},"content":{"rendered":"<p><strong>Mike Egner 40 Jahre GdP-Mitglied&nbsp; &nbsp;&nbsp;<\/strong><\/p>\n<p><a href=\"https:\/\/kg-saarland.gdpbundespolizeikoblenz.de\/wp-content\/uploads\/2020\/08\/img_0804.jpg\" target=\"_blank\" rel=\"noopener noreferrer\"><img loading=\"lazy\" decoding=\"async\" src=\"https:\/\/kg-saarland.gdpbundespolizeikoblenz.de\/wp-content\/uploads\/2020\/08\/img_0804-300x232.jpg\" class=\"aligncenter size-medium wp-image-2651\" width=\"300\" height=\"232\" alt=\"\"><\/a><\/p>\n<p>Mike ist neben seiner aktiven Arbeit im Vorstand der GdP-Kreisgruppe Saarland auch seit vielen Jahren unser Personalratsvorsitzender in der Bundespolizeiinspektion Bexbach. So war es selbstverst\u00e4ndlich, dass (sein Vorg\u00e4nger als Personalratsvorsitzender) Roland Voss vom gesch\u00e4ftsf\u00fchrenden Vorstand der GdP Bezirk Bundespolizei in einer kleinen Laudatio die herausragenden Leistungen von Mike f\u00fcr die Solidargemeinschaft in vielen Funktionen innerhalb der GdP, als auch als langj\u00e4hriger Personalratsvorsitzender w\u00fcrdigte. Das Ergebnis der diesj\u00e4hrigen Personalratswahl beweist eindrucksvoll das hohe Vertrauen, welches die Kolleginnen und Kollegen in Mike haben.<\/p>\n<p><strong>Herbert Brengel 40 Jahre GdP-Mitglied&nbsp; &nbsp;&nbsp;<\/strong><\/p>\n<p><a href=\"https:\/\/kg-saarland.gdpbundespolizeikoblenz.de\/wp-content\/uploads\/2020\/08\/img_0802-scaled-e1597354063432.jpg\" target=\"_blank\" rel=\"noopener noreferrer\"><img loading=\"lazy\" decoding=\"async\" src=\"https:\/\/kg-saarland.gdpbundespolizeikoblenz.de\/wp-content\/uploads\/2020\/08\/img_0802-225x300.jpg\" class=\"aligncenter size-medium wp-image-2654\" width=\"225\" height=\"300\" alt=\"\"><\/a><\/p>\n<p>&nbsp;<\/p>\n<p>Auch als Pension\u00e4r ist unser langj\u00e4hriges Ex-Personalratsmitglied Herbert der GdP-Kreisgruppe noch eng verbunden. Gerne kam er zur Liegenschaft der Bundespolizei, um die Urkunde im Kreise von aktiven Personalratskollegen entgegen zu nehmen.<\/p>\n<p><strong>Hans-Joachim Rausch 40 Jahre GdP-Mitglied&nbsp; &nbsp;&nbsp;<\/strong><\/p>\n<p><a href=\"https:\/\/kg-saarland.gdpbundespolizeikoblenz.de\/wp-content\/uploads\/2020\/08\/a649ccfc-eb0a-4c6c-b068-9b47b33dddff.jpg\" target=\"_blank\" rel=\"noopener noreferrer\"><img loading=\"lazy\" decoding=\"async\" src=\"https:\/\/kg-saarland.gdpbundespolizeikoblenz.de\/wp-content\/uploads\/2020\/08\/a649ccfc-eb0a-4c6c-b068-9b47b33dddff-225x300.jpg\" class=\"aligncenter size-medium wp-image-2671\" width=\"225\" height=\"300\" alt=\"\"><\/a><\/p>\n<p>Hans-Joachim, den Kollegen\/innen als \u201eRudi\u201c bekannt, wurde aufgrund seiner Erkrankung zu Hause aufgesucht. Wir w\u00fcnschen Dir weiterhin einen guten Genesungsverlauf.<\/p>\n<p><strong>G\u00fcnter Wagner 25 Jahre GdP-Mitglied&nbsp; &nbsp; &nbsp; &nbsp;<\/strong><\/p>\n<p><a href=\"https:\/\/kg-saarland.gdpbundespolizeikoblenz.de\/wp-content\/uploads\/2020\/08\/89ee40e5-3b3e-4cff-9e88-fd294bce4ba9.jpg\" target=\"_blank\" rel=\"noopener noreferrer\"><img loading=\"lazy\" decoding=\"async\" src=\"https:\/\/kg-saarland.gdpbundespolizeikoblenz.de\/wp-content\/uploads\/2020\/08\/89ee40e5-3b3e-4cff-9e88-fd294bce4ba9-300x225.jpg\" class=\"aligncenter size-medium wp-image-2672\" width=\"300\" height=\"225\" alt=\"\"><\/a><\/p>\n<p>G\u00fcnter ist in der Gewerkschaft als Vertrauensmann im Bundespolizeirevier Perl aktiv. Vom Personalratsmitglied Friedrich (Fritz) Wagner wurde die Ehrung durchgef\u00fchrt.<\/p>\n<p><strong>Steffi K\u00f6nig 25 Jahre GdP-Mitglied&nbsp; &nbsp; &nbsp; &nbsp;&nbsp;<\/strong><\/p>\n<p><a href=\"https:\/\/kg-saarland.gdpbundespolizeikoblenz.de\/wp-content\/uploads\/2020\/08\/img_0806-scaled-e1597354480863.jpg\" target=\"_blank\" rel=\"noopener noreferrer\"><img loading=\"lazy\" decoding=\"async\" src=\"https:\/\/kg-saarland.gdpbundespolizeikoblenz.de\/wp-content\/uploads\/2020\/08\/img_0806-scaled-e1597354480863.jpg\" class=\"aligncenter wp-image-2653\" alt=\"\" width=\"323\" height=\"314\"><\/a><\/p>\n<p>Steffi trat als Grenzpolizeiliche Unterst\u00fctzungskraft in die Gewerkschaft der Polizei in Sachsen ein. Ihr 25j\u00e4higes Gewerkschaftsjubil\u00e4um begeht sie als Polizeivollzugsbeamtin im Saarland.<\/p>\n<p><strong>Markus Sch\u00f6neberger 25 Jahre GdP Mitglied&nbsp;<\/strong><\/p>\n<p><a href=\"https:\/\/kg-saarland.gdpbundespolizeikoblenz.de\/wp-content\/uploads\/2020\/09\/img_1077-scaled.jpg\" target=\"_blank\" rel=\"noopener noreferrer\"><img loading=\"lazy\" decoding=\"async\" src=\"https:\/\/kg-saarland.gdpbundespolizeikoblenz.de\/wp-content\/uploads\/2020\/09\/img_1077-236x300.jpg\" class=\"aligncenter size-medium wp-image-2696\" width=\"236\" height=\"300\" alt=\"\"><\/a><\/p>\n<p>Noch relativ jung in unserer Kreisgruppe blickt Markus schon auf 25 Jahre Mitgliedschaft in der GdP. Herzlichen Gl\u00fcckwunsch und Danke f\u00fcr Deine Treue.<\/p>\n<p><strong><br \/>\n(Un)Ruhestand eines langj\u00e4hrigen Gewerkschaftsmitgliedes<\/strong><\/p>\n<p><a href=\"https:\/\/kg-saarland.gdpbundespolizeikoblenz.de\/wp-content\/uploads\/2020\/08\/146fe93c-f663-41ad-9d97-55703d2a60f4.jpg\" target=\"_blank\" rel=\"noopener noreferrer\"><img loading=\"lazy\" decoding=\"async\" src=\"https:\/\/kg-saarland.gdpbundespolizeikoblenz.de\/wp-content\/uploads\/2020\/08\/146fe93c-f663-41ad-9d97-55703d2a60f4-225x300.jpg\" class=\"aligncenter size-medium wp-image-2670\" width=\"225\" height=\"300\" alt=\"\"><\/a><\/p>\n<p>Kurt Ludt war als Tarifbesch\u00e4ftigter lange Angeh\u00f6riger der Bundespolizei und ist seit langem Mitglied in der GdP. Aufgrund seiner Erkrankung entschied der Arbeitgeber ihn in den Ruhestand zu versetzen. Wie Kurt dem Kreisgruppenvorsitzenden Werner Berger verriet, hat er noch umfangreiche Pl\u00e4ne f\u00fcr sein Rentnerdasein.<\/p>\n<p><strong>Besonderheit eines 80-j\u00e4hrigen Geburtstages.&nbsp; &nbsp;<\/strong><\/p>\n<p><a href=\"https:\/\/kg-saarland.gdpbundespolizeikoblenz.de\/wp-content\/uploads\/2020\/08\/af663c83-554d-4764-af7c-3e6c2086e505-1.jpg\" target=\"_blank\" rel=\"noopener noreferrer\"><img loading=\"lazy\" decoding=\"async\" src=\"https:\/\/kg-saarland.gdpbundespolizeikoblenz.de\/wp-content\/uploads\/2020\/08\/af663c83-554d-4764-af7c-3e6c2086e505-1-225x300.jpg\" class=\"aligncenter size-medium wp-image-2674\" width=\"225\" height=\"300\" alt=\"\"><\/a><\/p>\n<p>Irmgard Brunnet feierte bei guter Gesundheit ihren 80. Geburtstag. Obwohl selbst keine Polizeibeamtin gewesen, war und ist sie Mitglied in der GdP. Ihr leider viel zu fr\u00fch verstorbener Ehemann war lange Jahre nach seiner aktiven Dienstzeit als Polizeibeamter noch als Seniorenbeauftragter der Kreisgruppe f\u00fcr die Kolleginnen und Kollegen aktiv gewesen. In Beisein des derzeitigen Seniorenvertreter Karl-Heinz Leuschner und des Kreisgruppenvorsitzenden Werner Berger wurden Ihr die Gl\u00fcckw\u00fcnsche \u00fcberbracht.<\/p>\n<p><span style=\"caret-color: rgb(0, 0, 0); color: rgb(0, 0, 0); font-family: UICTFontTextStyleBody; font-size: 23px; font-style: normal; font-variant-caps: normal; font-weight: normal; letter-spacing: normal; orphans: auto; text-align: start; text-indent: 0px; text-transform: none; white-space: normal; widows: auto; word-spacing: 0px; -webkit-tap-highlight-color: rgba(26, 26, 26, 0.3); -webkit-text-size-adjust: auto; -webkit-text-stroke-width: 0px; text-decoration: none\"><\/span><\/p>\n<p><span style=\"caret-color: rgb(0, 0, 0); color: rgb(0, 0, 0); font-family: UICTFontTextStyleBody; font-size: 23px; font-style: normal; font-variant-caps: normal; font-weight: normal; letter-spacing: normal; orphans: auto; text-align: start; text-indent: 0px; text-transform: none; white-space: normal; widows: auto; word-spacing: 0px; -webkit-tap-highlight-color: rgba(26, 26, 26, 0.3); -webkit-text-size-adjust: auto; -webkit-text-stroke-width: 0px; text-decoration: none\"><strong>60 Jahre Gewerkschaftsmitglied<\/strong><\/span><span style=\"caret-color: rgb(0, 0, 0); color: rgb(0, 0, 0); font-family: UICTFontTextStyleBody; font-size: 23px; font-style: normal; font-variant-caps: normal; font-weight: normal; letter-spacing: normal; orphans: auto; text-align: start; text-indent: 0px; text-transform: none; white-space: normal; widows: auto; word-spacing: 0px; -webkit-tap-highlight-color: rgba(26, 26, 26, 0.3); -webkit-text-size-adjust: auto; -webkit-text-stroke-width: 0px; text-decoration: none\"><\/p>\n<p>Aufgrund der Corona-Beschr\u00e4nkungen wurde Johann Schl\u00e4ger vom Vorsitzenden der Kreisgruppe Saarland Werner Berger, unter Beisein des Seniorenbeauftragten Karlheinz Leuschner, die Urkunde f\u00fcr 60 Jahre Mitgliedschaft in kleinem Kreise vor der Dienststelle \u00fcberreicht. Unser Kollege Johann erfreut sich guter Gesundheit und ist immer noch Aktiv und viel Unterwegs. Wir w\u00fcnschen ihm weiterhin alles Gute. Kreisgruppe Saarland.<\/span><\/p>\n<p><img loading=\"lazy\" decoding=\"async\" src=\"https:\/\/kg-saarland.gdpbundespolizeikoblenz.de\/wp-content\/uploads\/2020\/09\/eafb0411-4ace-4158-96f9-91d5f93f232d-1.jpg\" class=\"size-full wp-image-2701\" width=\"1600\" height=\"1200\"><\/p>\n<p><strong>Gewerkschaften sind heute wichtiger denn je. Dieses beweist sich gerade in schwierigen Zeiten.<\/strong><\/p>\n<p><strong>Die GdP-Kreisgruppe Saarland bedanket sich f\u00fcr die Treue zur Gewerkschaft und w\u00fcnscht den Jubilaren vor allem weiterhin viel Gesundheit. <\/strong><\/p>\n","protected":false},"excerpt":{"rendered":"<p>Mike Egner 40 Jahre GdP-Mitglied&nbsp; &nbsp;&nbsp; Mike ist neben seiner aktiven Arbeit im Vorstand der GdP-Kreisgruppe Saarland auch seit vielen Jahren unser Personalratsvorsitzender in der Bundespolizeiinspektion Bexbach. So war es selbstverst\u00e4ndlich, dass (sein Vorg\u00e4nger als Personalratsvorsitzender) Roland Voss vom gesch\u00e4ftsf\u00fchrenden Vorstand der GdP Bezirk Bundespolizei in einer kleinen Laudatio die <a class=\"more-link\" href=\"https:\/\/kg-saarland.gdpbundespolizeikoblenz.de\/?p=2675\">Weiterlesen<span class=\"screen-reader-text\">Jubil\u00e4en innerhalb der Kreisgruppe Saarland. Ehrungen in &#8222;gelockerten&#8220; CORONA Zeiten<\/span><span class=\"meta-nav\">&rarr;<\/span><\/a><\/p>\n","protected":false},"author":1,"featured_media":0,"comment_status":"closed","ping_status":"closed","sticky":false,"template":"","format":"standard","meta":{"footnotes":""},"categories":[73,10,15],"tags":[],"class_list":["post-2675","post","type-post","status-publish","format-standard","hentry","category-aktuell","category-allgemein","category-jubilaum"],"_links":{"self":[{"href":"https:\/\/kg-saarland.gdpbundespolizeikoblenz.de\/index.php?rest_route=\/wp\/v2\/posts\/2675","targetHints":{"allow":["GET"]}}],"collection":[{"href":"https:\/\/kg-saarland.gdpbundespolizeikoblenz.de\/index.php?rest_route=\/wp\/v2\/posts"}],"about":[{"href":"https:\/\/kg-saarland.gdpbundespolizeikoblenz.de\/index.php?rest_route=\/wp\/v2\/types\/post"}],"author":[{"embeddable":true,"href":"https:\/\/kg-saarland.gdpbundespolizeikoblenz.de\/index.php?rest_route=\/wp\/v2\/users\/1"}],"replies":[{"embeddable":true,"href":"https:\/\/kg-saarland.gdpbundespolizeikoblenz.de\/index.php?rest_route=%2Fwp%2Fv2%2Fcomments&post=2675"}],"version-history":[{"count":0,"href":"https:\/\/kg-saarland.gdpbundespolizeikoblenz.de\/index.php?rest_route=\/wp\/v2\/posts\/2675\/revisions"}],"wp:attachment":[{"href":"https:\/\/kg-saarland.gdpbundespolizeikoblenz.de\/index.php?rest_route=%2Fwp%2Fv2%2Fmedia&parent=2675"}],"wp:term":[{"taxonomy":"category","embeddable":true,"href":"https:\/\/kg-saarland.gdpbundespolizeikoblenz.de\/index.php?rest_route=%2Fwp%2Fv2%2Fcategories&post=2675"},{"taxonomy":"post_tag","embeddable":true,"href":"https:\/\/kg-saarland.gdpbundespolizeikoblenz.de\/index.php?rest_route=%2Fwp%2Fv2%2Ftags&post=2675"}],"curies":[{"name":"wp","href":"https:\/\/api.w.org\/{rel}","templated":true}]}}