{"id":2852,"date":"2021-05-28T09:09:52","date_gmt":"2021-05-28T07:09:52","guid":{"rendered":"https:\/\/kg-saarland.gdpbundespolizeikoblenz.de\/?p=2852"},"modified":"2023-03-24T13:06:39","modified_gmt":"2023-03-24T12:06:39","slug":"geburtstag","status":"publish","type":"post","link":"https:\/\/kg-saarland.gdpbundespolizeikoblenz.de\/?p=2852","title":{"rendered":"Geburtstag!!!"},"content":{"rendered":"<p>Unser Mitglied Kurt Sundmaker feiert heute seinen 97. Geburtstag.<\/p>\n<p>Herzliche Gl\u00fcckw\u00fcnsche, Gr\u00fc\u00dfe und Gesundheit an das Geburtstagskind.<\/p>\n<p><a href=\"https:\/\/kg-saarland.gdpbundespolizeikoblenz.de\/wp-content\/uploads\/2016\/05\/2016-05-29-10.11.19.jpg\"><img loading=\"lazy\" decoding=\"async\" class=\"aligncenter size-medium wp-image-702\" src=\"https:\/\/kg-saarland.gdpbundespolizeikoblenz.de\/wp-content\/uploads\/2016\/05\/2016-05-29-10.11.19-253x300.jpg\" alt=\"\" width=\"253\" height=\"300\" srcset=\"https:\/\/kg-saarland.gdpbundespolizeikoblenz.de\/wp-content\/uploads\/2016\/05\/2016-05-29-10.11.19-253x300.jpg 253w, https:\/\/kg-saarland.gdpbundespolizeikoblenz.de\/wp-content\/uploads\/2016\/05\/2016-05-29-10.11.19-211x250.jpg 211w, https:\/\/kg-saarland.gdpbundespolizeikoblenz.de\/wp-content\/uploads\/2016\/05\/2016-05-29-10.11.19.jpg 736w\" sizes=\"auto, (max-width: 253px) 100vw, 253px\" \/><\/a><\/p>\n","protected":false},"excerpt":{"rendered":"<p>Unser Mitglied Kurt Sundmaker feiert heute seinen 97. Geburtstag. Herzliche Gl\u00fcckw\u00fcnsche, Gr\u00fc\u00dfe und Gesundheit an das Geburtstagskind.<\/p>\n","protected":false},"author":1,"featured_media":0,"comment_status":"closed","ping_status":"closed","sticky":false,"template":"","format":"standard","meta":{"footnotes":""},"categories":[73,10,12,15],"tags":[],"class_list":["post-2852","post","type-post","status-publish","format-standard","hentry","category-aktuell","category-allgemein","category-ehrungen","category-jubilaum"],"_links":{"self":[{"href":"https:\/\/kg-saarland.gdpbundespolizeikoblenz.de\/index.php?rest_route=\/wp\/v2\/posts\/2852","targetHints":{"allow":["GET"]}}],"collection":[{"href":"https:\/\/kg-saarland.gdpbundespolizeikoblenz.de\/index.php?rest_route=\/wp\/v2\/posts"}],"about":[{"href":"https:\/\/kg-saarland.gdpbundespolizeikoblenz.de\/index.php?rest_route=\/wp\/v2\/types\/post"}],"author":[{"embeddable":true,"href":"https:\/\/kg-saarland.gdpbundespolizeikoblenz.de\/index.php?rest_route=\/wp\/v2\/users\/1"}],"replies":[{"embeddable":true,"href":"https:\/\/kg-saarland.gdpbundespolizeikoblenz.de\/index.php?rest_route=%2Fwp%2Fv2%2Fcomments&post=2852"}],"version-history":[{"count":0,"href":"https:\/\/kg-saarland.gdpbundespolizeikoblenz.de\/index.php?rest_route=\/wp\/v2\/posts\/2852\/revisions"}],"wp:attachment":[{"href":"https:\/\/kg-saarland.gdpbundespolizeikoblenz.de\/index.php?rest_route=%2Fwp%2Fv2%2Fmedia&parent=2852"}],"wp:term":[{"taxonomy":"category","embeddable":true,"href":"https:\/\/kg-saarland.gdpbundespolizeikoblenz.de\/index.php?rest_route=%2Fwp%2Fv2%2Fcategories&post=2852"},{"taxonomy":"post_tag","embeddable":true,"href":"https:\/\/kg-saarland.gdpbundespolizeikoblenz.de\/index.php?rest_route=%2Fwp%2Fv2%2Ftags&post=2852"}],"curies":[{"name":"wp","href":"https:\/\/api.w.org\/{rel}","templated":true}]}}