{"id":3032,"date":"2022-11-04T11:52:37","date_gmt":"2022-11-04T10:52:37","guid":{"rendered":"https:\/\/kg-saarland.gdpbundespolizeikoblenz.de\/?p=3032"},"modified":"2023-03-24T13:26:41","modified_gmt":"2023-03-24T12:26:41","slug":"bemuehen-um-die-polizeizulage-erreicht-die-naechste-stufe-petition-zur-erhoehung-und-wiedereinfuehrung-der-ruhegehaltsfaehigkeit-geht-an-den-start","status":"publish","type":"post","link":"https:\/\/kg-saarland.gdpbundespolizeikoblenz.de\/?p=3032","title":{"rendered":"Bem\u00fchen um die Polizeizulage erreicht die n\u00e4chste Stufe  &#8212; Petition zur Erh\u00f6hung und Wiedereinf\u00fchrung der Ruhegehaltsf\u00e4higkeit geht an den Start  &#8212;"},"content":{"rendered":"<p>Bem\u00fchen um die Polizeizulage erreicht die n\u00e4chste Stufe &#8212; Petition zur Erh\u00f6hung und Wiedereinf\u00fchrung der Ruhegehaltsf\u00e4higkeit geht an den Start &#8212;<br \/>\nDie Bem\u00fchungen der GdP Rheinland-Pfalz zur Erh\u00f6hung und Ruhegehaltsf\u00e4higkeit der Polizeizulage dringen bei der Politik nicht durch. Der Feuerwehr geht es genauso, was aber wenig tr\u00f6stet. Auch die solidarischen Aktionen vor der Staatskanzlei und dem Landtag haben zu keinem Umdenken gef\u00fchrt. Nun hat der Vorsitzender des rheinland-pf\u00e4lzischen Fachausschusses Beamten- und Besoldungsrecht, Marco Christen, eine Petition eingereicht.<br \/>\n<a href=\"https:\/\/www.gdp.de\/gdp\/gdp.nsf\/ID\/11C9C92E520C8ADEC12588F000362B1D?Open\" target=\"_blank\" rel=\"noopener\">Bem\u00fchen um die Polizeizulage erreicht die n\u00e4chste Stufe &#8212; Petition zur Erh\u00f6hung und Wiedereinf\u00fchrung der Ruhegehaltsf\u00e4higkeit geht an den Start &#8212;<\/a><\/p>\n","protected":false},"excerpt":{"rendered":"<p>Bem\u00fchen um die Polizeizulage erreicht die n\u00e4chste Stufe &#8212; Petition zur Erh\u00f6hung und Wiedereinf\u00fchrung der Ruhegehaltsf\u00e4higkeit geht an den Start &#8212; Die Bem\u00fchungen der GdP Rheinland-Pfalz zur Erh\u00f6hung und Ruhegehaltsf\u00e4higkeit der Polizeizulage dringen bei der Politik nicht durch. Der Feuerwehr geht es genauso, was aber wenig tr\u00f6stet. Auch die solidarischen <a class=\"more-link\" href=\"https:\/\/kg-saarland.gdpbundespolizeikoblenz.de\/?p=3032\">Weiterlesen<span class=\"screen-reader-text\">Bem\u00fchen um die Polizeizulage erreicht die n\u00e4chste Stufe  &#8212; Petition zur Erh\u00f6hung und Wiedereinf\u00fchrung der Ruhegehaltsf\u00e4higkeit geht an den Start  &#8212;<\/span><span class=\"meta-nav\">&rarr;<\/span><\/a><\/p>\n","protected":false},"author":1,"featured_media":0,"comment_status":"closed","ping_status":"closed","sticky":false,"template":"","format":"standard","meta":{"footnotes":""},"categories":[90],"tags":[],"class_list":["post-3032","post","type-post","status-publish","format-standard","hentry","category-gdp-news"],"_links":{"self":[{"href":"https:\/\/kg-saarland.gdpbundespolizeikoblenz.de\/index.php?rest_route=\/wp\/v2\/posts\/3032","targetHints":{"allow":["GET"]}}],"collection":[{"href":"https:\/\/kg-saarland.gdpbundespolizeikoblenz.de\/index.php?rest_route=\/wp\/v2\/posts"}],"about":[{"href":"https:\/\/kg-saarland.gdpbundespolizeikoblenz.de\/index.php?rest_route=\/wp\/v2\/types\/post"}],"author":[{"embeddable":true,"href":"https:\/\/kg-saarland.gdpbundespolizeikoblenz.de\/index.php?rest_route=\/wp\/v2\/users\/1"}],"replies":[{"embeddable":true,"href":"https:\/\/kg-saarland.gdpbundespolizeikoblenz.de\/index.php?rest_route=%2Fwp%2Fv2%2Fcomments&post=3032"}],"version-history":[{"count":1,"href":"https:\/\/kg-saarland.gdpbundespolizeikoblenz.de\/index.php?rest_route=\/wp\/v2\/posts\/3032\/revisions"}],"predecessor-version":[{"id":3033,"href":"https:\/\/kg-saarland.gdpbundespolizeikoblenz.de\/index.php?rest_route=\/wp\/v2\/posts\/3032\/revisions\/3033"}],"wp:attachment":[{"href":"https:\/\/kg-saarland.gdpbundespolizeikoblenz.de\/index.php?rest_route=%2Fwp%2Fv2%2Fmedia&parent=3032"}],"wp:term":[{"taxonomy":"category","embeddable":true,"href":"https:\/\/kg-saarland.gdpbundespolizeikoblenz.de\/index.php?rest_route=%2Fwp%2Fv2%2Fcategories&post=3032"},{"taxonomy":"post_tag","embeddable":true,"href":"https:\/\/kg-saarland.gdpbundespolizeikoblenz.de\/index.php?rest_route=%2Fwp%2Fv2%2Ftags&post=3032"}],"curies":[{"name":"wp","href":"https:\/\/api.w.org\/{rel}","templated":true}]}}