{"id":3036,"date":"2022-11-02T15:33:22","date_gmt":"2022-11-02T14:33:22","guid":{"rendered":"https:\/\/kg-saarland.gdpbundespolizeikoblenz.de\/?p=3036"},"modified":"2023-03-24T13:26:26","modified_gmt":"2023-03-24T12:26:26","slug":"gdp-verurteilt-farbanschlaege-auf-berliner-parteizentralen-der-ampel-koalition-kopelke-buendnisse-sollen-zu-friedlichem-protest-zurueckfinden","status":"publish","type":"post","link":"https:\/\/kg-saarland.gdpbundespolizeikoblenz.de\/?p=3036","title":{"rendered":"GdP verurteilt Farbanschl\u00e4ge auf Berliner Parteizentralen der Ampel-Koalition &#8212; Kopelke: B\u00fcndnisse sollen zu friedlichem Protest zur\u00fcckfinden &#8212;"},"content":{"rendered":"<p>GdP verurteilt Farbanschl\u00e4ge auf Berliner Parteizentralen der Ampel-Koalition &#8212; Kopelke: B\u00fcndnisse sollen zu friedlichem Protest zur\u00fcckfinden &#8212;<br \/>\nDie Gewerkschaft der Polizei (GdP) verurteilt die Farb-Attacken auf die Berliner Parteizentralen der Ampelkoalition. Das Grundgesetz sch\u00fctze zurecht die Meinungsfreiheit als fundamentalen Pfeiler unseres demokratischen Rechtsstaates, nicht jedoch Sachbesch\u00e4digungen oder N\u00f6tigungen, betonte der GdP-Bundesvorsitzende Jochen Kopelke am Mittwoch in Bremen angesichts einer andauernden unfriedlichen Protestwelle von Aktivistenb\u00fcndnissen. Er forderte die Gruppierungen auf, unmittelbar zu friedlichen Protesten zur\u00fcckzufinden.<br \/>\n<a href=\"https:\/\/www.gdp.de\/gdp\/gdp.nsf\/ID\/006A025BE9A0789FC12588EE004A7021?Open\" target=\"_blank\" rel=\"noopener\">GdP verurteilt Farbanschl\u00e4ge auf Berliner Parteizentralen der Ampel-Koalition &#8212; Kopelke: B\u00fcndnisse sollen zu friedlichem Protest zur\u00fcckfinden &#8212;<\/a><\/p>\n","protected":false},"excerpt":{"rendered":"<p>GdP verurteilt Farbanschl\u00e4ge auf Berliner Parteizentralen der Ampel-Koalition &#8212; Kopelke: B\u00fcndnisse sollen zu friedlichem Protest zur\u00fcckfinden &#8212; Die Gewerkschaft der Polizei (GdP) verurteilt die Farb-Attacken auf die Berliner Parteizentralen der Ampelkoalition. Das Grundgesetz sch\u00fctze zurecht die Meinungsfreiheit als fundamentalen Pfeiler unseres demokratischen Rechtsstaates, nicht jedoch Sachbesch\u00e4digungen oder N\u00f6tigungen, betonte der <a class=\"more-link\" href=\"https:\/\/kg-saarland.gdpbundespolizeikoblenz.de\/?p=3036\">Weiterlesen<span class=\"screen-reader-text\">GdP verurteilt Farbanschl\u00e4ge auf Berliner Parteizentralen der Ampel-Koalition &#8212; Kopelke: B\u00fcndnisse sollen zu friedlichem Protest zur\u00fcckfinden &#8212;<\/span><span class=\"meta-nav\">&rarr;<\/span><\/a><\/p>\n","protected":false},"author":1,"featured_media":0,"comment_status":"closed","ping_status":"closed","sticky":false,"template":"","format":"standard","meta":{"footnotes":""},"categories":[90],"tags":[],"class_list":["post-3036","post","type-post","status-publish","format-standard","hentry","category-gdp-news"],"_links":{"self":[{"href":"https:\/\/kg-saarland.gdpbundespolizeikoblenz.de\/index.php?rest_route=\/wp\/v2\/posts\/3036","targetHints":{"allow":["GET"]}}],"collection":[{"href":"https:\/\/kg-saarland.gdpbundespolizeikoblenz.de\/index.php?rest_route=\/wp\/v2\/posts"}],"about":[{"href":"https:\/\/kg-saarland.gdpbundespolizeikoblenz.de\/index.php?rest_route=\/wp\/v2\/types\/post"}],"author":[{"embeddable":true,"href":"https:\/\/kg-saarland.gdpbundespolizeikoblenz.de\/index.php?rest_route=\/wp\/v2\/users\/1"}],"replies":[{"embeddable":true,"href":"https:\/\/kg-saarland.gdpbundespolizeikoblenz.de\/index.php?rest_route=%2Fwp%2Fv2%2Fcomments&post=3036"}],"version-history":[{"count":1,"href":"https:\/\/kg-saarland.gdpbundespolizeikoblenz.de\/index.php?rest_route=\/wp\/v2\/posts\/3036\/revisions"}],"predecessor-version":[{"id":3037,"href":"https:\/\/kg-saarland.gdpbundespolizeikoblenz.de\/index.php?rest_route=\/wp\/v2\/posts\/3036\/revisions\/3037"}],"wp:attachment":[{"href":"https:\/\/kg-saarland.gdpbundespolizeikoblenz.de\/index.php?rest_route=%2Fwp%2Fv2%2Fmedia&parent=3036"}],"wp:term":[{"taxonomy":"category","embeddable":true,"href":"https:\/\/kg-saarland.gdpbundespolizeikoblenz.de\/index.php?rest_route=%2Fwp%2Fv2%2Fcategories&post=3036"},{"taxonomy":"post_tag","embeddable":true,"href":"https:\/\/kg-saarland.gdpbundespolizeikoblenz.de\/index.php?rest_route=%2Fwp%2Fv2%2Ftags&post=3036"}],"curies":[{"name":"wp","href":"https:\/\/api.w.org\/{rel}","templated":true}]}}