{"id":3040,"date":"2022-10-26T08:42:28","date_gmt":"2022-10-26T06:42:28","guid":{"rendered":"https:\/\/kg-saarland.gdpbundespolizeikoblenz.de\/?p=3040"},"modified":"2023-05-21T07:25:55","modified_gmt":"2023-05-21T05:25:55","slug":"behoerden-spiegel-diskussionsveranstaltung-digitaler-staat-im-gespraech-wie-heiss-wird-der-herbst","status":"publish","type":"post","link":"https:\/\/kg-saarland.gdpbundespolizeikoblenz.de\/?p=3040","title":{"rendered":"Beh\u00f6rden-Spiegel-Diskussionsveranstaltung \u201eDigitaler Staat\u201c &#8212; Im Gespr\u00e4ch: Wie hei\u00df wird der Herbst? &#8212;"},"content":{"rendered":"<p>Beh\u00f6rden-Spiegel-Diskussionsveranstaltung \u201eDigitaler Staat\u201c &#8212; Im Gespr\u00e4ch: Wie hei\u00df wird der Herbst? &#8212;<br \/>\nDer Beh\u00f6rden Spiegel hatte am 25. Oktober zur Diskussionsveranstaltung \u201eDigitaler Staat\u201c geladen. Teilnehmende aus Polizei, Politik und Forschung besch\u00e4ftigten sich in zwei Online-Panels mit der Frage: Wie hei\u00df wird der Herbst? Unter der Moderation des Beh\u00f6rden-Spiegel-Chefredakteurs Uwe Proll diskutierte GdP-Chef Jochen Kopelke gemeinsam mit dem Vorsitzenden der DPolG Rainer Wendt und der Berliner Polizeipr\u00e4sidentin Dr. Barbara Slowik.<br \/>\n<a href=\"https:\/\/www.gdp.de\/gdp\/gdp.nsf\/ID\/253D69EC4B47FA67C12588E70024D441?Open\" target=\"_blank\" rel=\"noopener\">Beh\u00f6rden-Spiegel-Diskussionsveranstaltung \u201eDigitaler Staat\u201c &#8212; Im Gespr\u00e4ch: Wie hei\u00df wird der Herbst? &#8212;<\/a><\/p>\n","protected":false},"excerpt":{"rendered":"<p>Beh\u00f6rden-Spiegel-Diskussionsveranstaltung \u201eDigitaler Staat\u201c &#8212; Im Gespr\u00e4ch: Wie hei\u00df wird der Herbst? &#8212; Der Beh\u00f6rden Spiegel hatte am 25. Oktober zur Diskussionsveranstaltung \u201eDigitaler Staat\u201c geladen. Teilnehmende aus Polizei, Politik und Forschung besch\u00e4ftigten sich in zwei Online-Panels mit der Frage: Wie hei\u00df wird der Herbst? Unter der Moderation des Beh\u00f6rden-Spiegel-Chefredakteurs Uwe Proll <a class=\"more-link\" href=\"https:\/\/kg-saarland.gdpbundespolizeikoblenz.de\/?p=3040\">Weiterlesen<span class=\"screen-reader-text\">Beh\u00f6rden-Spiegel-Diskussionsveranstaltung \u201eDigitaler Staat\u201c &#8212; Im Gespr\u00e4ch: Wie hei\u00df wird der Herbst? &#8212;<\/span><span class=\"meta-nav\">&rarr;<\/span><\/a><\/p>\n","protected":false},"author":1,"featured_media":0,"comment_status":"closed","ping_status":"closed","sticky":false,"template":"","format":"standard","meta":{"footnotes":""},"categories":[90],"tags":[],"class_list":["post-3040","post","type-post","status-publish","format-standard","hentry","category-gdp-news"],"_links":{"self":[{"href":"https:\/\/kg-saarland.gdpbundespolizeikoblenz.de\/index.php?rest_route=\/wp\/v2\/posts\/3040","targetHints":{"allow":["GET"]}}],"collection":[{"href":"https:\/\/kg-saarland.gdpbundespolizeikoblenz.de\/index.php?rest_route=\/wp\/v2\/posts"}],"about":[{"href":"https:\/\/kg-saarland.gdpbundespolizeikoblenz.de\/index.php?rest_route=\/wp\/v2\/types\/post"}],"author":[{"embeddable":true,"href":"https:\/\/kg-saarland.gdpbundespolizeikoblenz.de\/index.php?rest_route=\/wp\/v2\/users\/1"}],"replies":[{"embeddable":true,"href":"https:\/\/kg-saarland.gdpbundespolizeikoblenz.de\/index.php?rest_route=%2Fwp%2Fv2%2Fcomments&post=3040"}],"version-history":[{"count":1,"href":"https:\/\/kg-saarland.gdpbundespolizeikoblenz.de\/index.php?rest_route=\/wp\/v2\/posts\/3040\/revisions"}],"predecessor-version":[{"id":3041,"href":"https:\/\/kg-saarland.gdpbundespolizeikoblenz.de\/index.php?rest_route=\/wp\/v2\/posts\/3040\/revisions\/3041"}],"wp:attachment":[{"href":"https:\/\/kg-saarland.gdpbundespolizeikoblenz.de\/index.php?rest_route=%2Fwp%2Fv2%2Fmedia&parent=3040"}],"wp:term":[{"taxonomy":"category","embeddable":true,"href":"https:\/\/kg-saarland.gdpbundespolizeikoblenz.de\/index.php?rest_route=%2Fwp%2Fv2%2Fcategories&post=3040"},{"taxonomy":"post_tag","embeddable":true,"href":"https:\/\/kg-saarland.gdpbundespolizeikoblenz.de\/index.php?rest_route=%2Fwp%2Fv2%2Ftags&post=3040"}],"curies":[{"name":"wp","href":"https:\/\/api.w.org\/{rel}","templated":true}]}}