{"id":3042,"date":"2022-11-15T09:37:52","date_gmt":"2022-11-15T08:37:52","guid":{"rendered":"https:\/\/kg-saarland.gdpbundespolizeikoblenz.de\/?p=3042"},"modified":"2023-03-24T13:25:03","modified_gmt":"2023-03-24T12:25:03","slug":"last-von-den-schultern-der-sicherheitskraefte-nehmen-gdp-chef-fordert-verbot-von-privat-silvesterfeuerwerk","status":"publish","type":"post","link":"https:\/\/kg-saarland.gdpbundespolizeikoblenz.de\/?p=3042","title":{"rendered":"Last von den Schultern der Sicherheitskr\u00e4fte nehmen &#8212; GdP-Chef fordert Verbot von Privat-Silvesterfeuerwerk &#8212;"},"content":{"rendered":"<p>Last von den Schultern der Sicherheitskr\u00e4fte nehmen &#8212; GdP-Chef fordert Verbot von Privat-Silvesterfeuerwerk &#8212;<br \/>\nDer GdP-Bundesvorsitzende Jochen Kopelke \u00e4u\u00dferte sich zum Thema privates Silvesterfeuerwerk gegen\u00fcber der Deutschen Presseagentur dpa. Der Gewerkschafter h\u00e4lt ein Verbot aus verschiedenen Gr\u00fcnden f\u00fcr eine \u201evielleicht schmerzhafte, jedoch sinnvolle Ma\u00dfnahme\u201c. Sein Statement im Wortlaut.<br \/>\n<a href=\"https:\/\/www.gdp.de\/gdp\/gdp.nsf\/ID\/C8E25401CD6709A6C12588FB0029E264?Open\" target=\"_blank\" rel=\"noopener\">Last von den Schultern der Sicherheitskr\u00e4fte nehmen &#8212; GdP-Chef fordert Verbot von Privat-Silvesterfeuerwerk &#8212;<\/a><\/p>\n","protected":false},"excerpt":{"rendered":"<p>Last von den Schultern der Sicherheitskr\u00e4fte nehmen &#8212; GdP-Chef fordert Verbot von Privat-Silvesterfeuerwerk &#8212; Der GdP-Bundesvorsitzende Jochen Kopelke \u00e4u\u00dferte sich zum Thema privates Silvesterfeuerwerk gegen\u00fcber der Deutschen Presseagentur dpa. Der Gewerkschafter h\u00e4lt ein Verbot aus verschiedenen Gr\u00fcnden f\u00fcr eine \u201evielleicht schmerzhafte, jedoch sinnvolle Ma\u00dfnahme\u201c. Sein Statement im Wortlaut. Last von <a class=\"more-link\" href=\"https:\/\/kg-saarland.gdpbundespolizeikoblenz.de\/?p=3042\">Weiterlesen<span class=\"screen-reader-text\">Last von den Schultern der Sicherheitskr\u00e4fte nehmen &#8212; GdP-Chef fordert Verbot von Privat-Silvesterfeuerwerk &#8212;<\/span><span class=\"meta-nav\">&rarr;<\/span><\/a><\/p>\n","protected":false},"author":1,"featured_media":0,"comment_status":"closed","ping_status":"closed","sticky":false,"template":"","format":"standard","meta":{"footnotes":""},"categories":[90],"tags":[],"class_list":["post-3042","post","type-post","status-publish","format-standard","hentry","category-gdp-news"],"_links":{"self":[{"href":"https:\/\/kg-saarland.gdpbundespolizeikoblenz.de\/index.php?rest_route=\/wp\/v2\/posts\/3042","targetHints":{"allow":["GET"]}}],"collection":[{"href":"https:\/\/kg-saarland.gdpbundespolizeikoblenz.de\/index.php?rest_route=\/wp\/v2\/posts"}],"about":[{"href":"https:\/\/kg-saarland.gdpbundespolizeikoblenz.de\/index.php?rest_route=\/wp\/v2\/types\/post"}],"author":[{"embeddable":true,"href":"https:\/\/kg-saarland.gdpbundespolizeikoblenz.de\/index.php?rest_route=\/wp\/v2\/users\/1"}],"replies":[{"embeddable":true,"href":"https:\/\/kg-saarland.gdpbundespolizeikoblenz.de\/index.php?rest_route=%2Fwp%2Fv2%2Fcomments&post=3042"}],"version-history":[{"count":1,"href":"https:\/\/kg-saarland.gdpbundespolizeikoblenz.de\/index.php?rest_route=\/wp\/v2\/posts\/3042\/revisions"}],"predecessor-version":[{"id":3043,"href":"https:\/\/kg-saarland.gdpbundespolizeikoblenz.de\/index.php?rest_route=\/wp\/v2\/posts\/3042\/revisions\/3043"}],"wp:attachment":[{"href":"https:\/\/kg-saarland.gdpbundespolizeikoblenz.de\/index.php?rest_route=%2Fwp%2Fv2%2Fmedia&parent=3042"}],"wp:term":[{"taxonomy":"category","embeddable":true,"href":"https:\/\/kg-saarland.gdpbundespolizeikoblenz.de\/index.php?rest_route=%2Fwp%2Fv2%2Fcategories&post=3042"},{"taxonomy":"post_tag","embeddable":true,"href":"https:\/\/kg-saarland.gdpbundespolizeikoblenz.de\/index.php?rest_route=%2Fwp%2Fv2%2Ftags&post=3042"}],"curies":[{"name":"wp","href":"https:\/\/api.w.org\/{rel}","templated":true}]}}