{"id":3044,"date":"2022-11-11T15:09:54","date_gmt":"2022-11-11T14:09:54","guid":{"rendered":"https:\/\/kg-saarland.gdpbundespolizeikoblenz.de\/?p=3044"},"modified":"2023-03-24T13:27:08","modified_gmt":"2023-03-24T12:27:08","slug":"gdp-verkehrsexperte-michael-mertens-zu-lindner-vorschlag-tempolimit-rettet-leben-auch-ohne-laengere-laufzeiten-der-atomkraftwerke","status":"publish","type":"post","link":"https:\/\/kg-saarland.gdpbundespolizeikoblenz.de\/?p=3044","title":{"rendered":"GdP-Verkehrsexperte Michael Mertens zu Lindner-Vorschlag &#8212; Tempolimit rettet Leben \u2013 auch ohne l\u00e4ngere Laufzeiten der Atomkraftwerke &#8212;"},"content":{"rendered":"<p>GdP-Verkehrsexperte Michael Mertens zu Lindner-Vorschlag &#8212; Tempolimit rettet Leben \u2013 auch ohne l\u00e4ngere Laufzeiten der Atomkraftwerke &#8212;<br \/>\nDie Gewerkschaft der Polizei (GdP) begr\u00fc\u00dft die von FDP-Chef Christian Lindner angek\u00fcndigte Bereitschaft, die Einf\u00fchrung eines Tempolimits auf Autobahnen nicht mehr grunds\u00e4tzlich abzulehnen. \u201eWir brauchen das Tempolimit nicht nur aus Klimagr\u00fcnden, sondern auch, um die Zahl der Verkehrstoten auf den Autobahnen deutlich zu reduzieren\u201c, betonte der stellvertretende GdP-Bundesvorsitzende und Verkehrsexperte Michael Mertens am Freitag in D\u00fcsseldorf. \u201eDeshalb ist es gut, dass das Veto der FDP, auch in Deutschland ein Tempolimit auf Autobahnen einzuf\u00fchren, endlich vom Tisch ist\u201c.<br \/>\n<a href=\"https:\/\/www.gdp.de\/gdp\/gdp.nsf\/ID\/849BC0D13B82BD29C12588F700484AEA?Open\" target=\"_blank\" rel=\"noopener\">GdP-Verkehrsexperte Michael Mertens zu Lindner-Vorschlag &#8212; Tempolimit rettet Leben \u2013 auch ohne l\u00e4ngere Laufzeiten der Atomkraftwerke &#8212;<\/a><\/p>\n","protected":false},"excerpt":{"rendered":"<p>GdP-Verkehrsexperte Michael Mertens zu Lindner-Vorschlag &#8212; Tempolimit rettet Leben \u2013 auch ohne l\u00e4ngere Laufzeiten der Atomkraftwerke &#8212; Die Gewerkschaft der Polizei (GdP) begr\u00fc\u00dft die von FDP-Chef Christian Lindner angek\u00fcndigte Bereitschaft, die Einf\u00fchrung eines Tempolimits auf Autobahnen nicht mehr grunds\u00e4tzlich abzulehnen. \u201eWir brauchen das Tempolimit nicht nur aus Klimagr\u00fcnden, sondern auch, <a class=\"more-link\" href=\"https:\/\/kg-saarland.gdpbundespolizeikoblenz.de\/?p=3044\">Weiterlesen<span class=\"screen-reader-text\">GdP-Verkehrsexperte Michael Mertens zu Lindner-Vorschlag &#8212; Tempolimit rettet Leben \u2013 auch ohne l\u00e4ngere Laufzeiten der Atomkraftwerke &#8212;<\/span><span class=\"meta-nav\">&rarr;<\/span><\/a><\/p>\n","protected":false},"author":1,"featured_media":0,"comment_status":"closed","ping_status":"closed","sticky":false,"template":"","format":"standard","meta":{"footnotes":""},"categories":[90],"tags":[],"class_list":["post-3044","post","type-post","status-publish","format-standard","hentry","category-gdp-news"],"_links":{"self":[{"href":"https:\/\/kg-saarland.gdpbundespolizeikoblenz.de\/index.php?rest_route=\/wp\/v2\/posts\/3044","targetHints":{"allow":["GET"]}}],"collection":[{"href":"https:\/\/kg-saarland.gdpbundespolizeikoblenz.de\/index.php?rest_route=\/wp\/v2\/posts"}],"about":[{"href":"https:\/\/kg-saarland.gdpbundespolizeikoblenz.de\/index.php?rest_route=\/wp\/v2\/types\/post"}],"author":[{"embeddable":true,"href":"https:\/\/kg-saarland.gdpbundespolizeikoblenz.de\/index.php?rest_route=\/wp\/v2\/users\/1"}],"replies":[{"embeddable":true,"href":"https:\/\/kg-saarland.gdpbundespolizeikoblenz.de\/index.php?rest_route=%2Fwp%2Fv2%2Fcomments&post=3044"}],"version-history":[{"count":1,"href":"https:\/\/kg-saarland.gdpbundespolizeikoblenz.de\/index.php?rest_route=\/wp\/v2\/posts\/3044\/revisions"}],"predecessor-version":[{"id":3045,"href":"https:\/\/kg-saarland.gdpbundespolizeikoblenz.de\/index.php?rest_route=\/wp\/v2\/posts\/3044\/revisions\/3045"}],"wp:attachment":[{"href":"https:\/\/kg-saarland.gdpbundespolizeikoblenz.de\/index.php?rest_route=%2Fwp%2Fv2%2Fmedia&parent=3044"}],"wp:term":[{"taxonomy":"category","embeddable":true,"href":"https:\/\/kg-saarland.gdpbundespolizeikoblenz.de\/index.php?rest_route=%2Fwp%2Fv2%2Fcategories&post=3044"},{"taxonomy":"post_tag","embeddable":true,"href":"https:\/\/kg-saarland.gdpbundespolizeikoblenz.de\/index.php?rest_route=%2Fwp%2Fv2%2Ftags&post=3044"}],"curies":[{"name":"wp","href":"https:\/\/api.w.org\/{rel}","templated":true}]}}