{"id":3052,"date":"2022-11-18T09:16:52","date_gmt":"2022-11-18T08:16:52","guid":{"rendered":"https:\/\/kg-saarland.gdpbundespolizeikoblenz.de\/?p=3052"},"modified":"2023-03-24T13:25:45","modified_gmt":"2023-03-24T12:25:45","slug":"gdp-zu-stoerung-in-kommunikationsnetzen-kopelke-polizei-muss-erreichbar-sein","status":"publish","type":"post","link":"https:\/\/kg-saarland.gdpbundespolizeikoblenz.de\/?p=3052","title":{"rendered":"GdP zu St\u00f6rung in Kommunikationsnetzen &#8212; Kopelke: Polizei muss erreichbar sein &#8212;"},"content":{"rendered":"<p>GdP zu St\u00f6rung in Kommunikationsnetzen &#8212; Kopelke: Polizei muss erreichbar sein &#8212;<br \/>\nAngesichts der St\u00f6rung in Kommunikationsnetzen am Donnerstag bekr\u00e4ftigt die Gewerkschaft der Polizei (GdP) ihre Forderung nach einer st\u00e4rkeren Krisenresilienz der technischen Infrastruktur. Ebenso m\u00fcssten die Polizeien gegen die spontane Krise geh\u00e4rtet werden, betonte der GdP-Bundesvorsitzende Jochen Kopelke am Freitagmorgen in Bremen.<br \/>\n<a href=\"https:\/\/www.gdp.de\/gdp\/gdp.nsf\/ID\/62D35D580000DB0BC12588FE0027F9B2?Open\" target=\"_blank\" rel=\"noopener\">GdP zu St\u00f6rung in Kommunikationsnetzen &#8212; Kopelke: Polizei muss erreichbar sein &#8212;<\/a><\/p>\n","protected":false},"excerpt":{"rendered":"<p>GdP zu St\u00f6rung in Kommunikationsnetzen &#8212; Kopelke: Polizei muss erreichbar sein &#8212; Angesichts der St\u00f6rung in Kommunikationsnetzen am Donnerstag bekr\u00e4ftigt die Gewerkschaft der Polizei (GdP) ihre Forderung nach einer st\u00e4rkeren Krisenresilienz der technischen Infrastruktur. Ebenso m\u00fcssten die Polizeien gegen die spontane Krise geh\u00e4rtet werden, betonte der GdP-Bundesvorsitzende Jochen Kopelke am <a class=\"more-link\" href=\"https:\/\/kg-saarland.gdpbundespolizeikoblenz.de\/?p=3052\">Weiterlesen<span class=\"screen-reader-text\">GdP zu St\u00f6rung in Kommunikationsnetzen &#8212; Kopelke: Polizei muss erreichbar sein &#8212;<\/span><span class=\"meta-nav\">&rarr;<\/span><\/a><\/p>\n","protected":false},"author":1,"featured_media":0,"comment_status":"closed","ping_status":"closed","sticky":false,"template":"","format":"standard","meta":{"footnotes":""},"categories":[90],"tags":[],"class_list":["post-3052","post","type-post","status-publish","format-standard","hentry","category-gdp-news"],"_links":{"self":[{"href":"https:\/\/kg-saarland.gdpbundespolizeikoblenz.de\/index.php?rest_route=\/wp\/v2\/posts\/3052","targetHints":{"allow":["GET"]}}],"collection":[{"href":"https:\/\/kg-saarland.gdpbundespolizeikoblenz.de\/index.php?rest_route=\/wp\/v2\/posts"}],"about":[{"href":"https:\/\/kg-saarland.gdpbundespolizeikoblenz.de\/index.php?rest_route=\/wp\/v2\/types\/post"}],"author":[{"embeddable":true,"href":"https:\/\/kg-saarland.gdpbundespolizeikoblenz.de\/index.php?rest_route=\/wp\/v2\/users\/1"}],"replies":[{"embeddable":true,"href":"https:\/\/kg-saarland.gdpbundespolizeikoblenz.de\/index.php?rest_route=%2Fwp%2Fv2%2Fcomments&post=3052"}],"version-history":[{"count":1,"href":"https:\/\/kg-saarland.gdpbundespolizeikoblenz.de\/index.php?rest_route=\/wp\/v2\/posts\/3052\/revisions"}],"predecessor-version":[{"id":3053,"href":"https:\/\/kg-saarland.gdpbundespolizeikoblenz.de\/index.php?rest_route=\/wp\/v2\/posts\/3052\/revisions\/3053"}],"wp:attachment":[{"href":"https:\/\/kg-saarland.gdpbundespolizeikoblenz.de\/index.php?rest_route=%2Fwp%2Fv2%2Fmedia&parent=3052"}],"wp:term":[{"taxonomy":"category","embeddable":true,"href":"https:\/\/kg-saarland.gdpbundespolizeikoblenz.de\/index.php?rest_route=%2Fwp%2Fv2%2Fcategories&post=3052"},{"taxonomy":"post_tag","embeddable":true,"href":"https:\/\/kg-saarland.gdpbundespolizeikoblenz.de\/index.php?rest_route=%2Fwp%2Fv2%2Ftags&post=3052"}],"curies":[{"name":"wp","href":"https:\/\/api.w.org\/{rel}","templated":true}]}}