{"id":3097,"date":"2023-01-16T11:54:36","date_gmt":"2023-01-16T10:54:36","guid":{"rendered":"https:\/\/kg-saarland.gdpbundespolizeikoblenz.de\/?p=3097"},"modified":"2023-03-24T13:23:33","modified_gmt":"2023-03-24T12:23:33","slug":"polizeieinsatz-in-luetzerath-kopelke-unser-dank-gilt-allen-eingesetzten-polizeikraeften","status":"publish","type":"post","link":"https:\/\/kg-saarland.gdpbundespolizeikoblenz.de\/?p=3097","title":{"rendered":"Polizeieinsatz in L\u00fctzerath &#8212; Kopelke: Unser Dank gilt allen eingesetzten Polizeikr\u00e4ften &#8212;"},"content":{"rendered":"<p>Polizeieinsatz in L\u00fctzerath &#8212; Kopelke: Unser Dank gilt allen eingesetzten Polizeikr\u00e4ften &#8212;<br \/>\nDie Gewerkschaft der Polizei (GdP) betreute die in L\u00fctzerath eingesetzten Polizistinnen und Polizisten vor Ort. Neben dem GdP-Landeschef Nordrhein-Westfalen Michael Mertens machte sich der Bundesvorsitzende Jochen Kopelke ein Bild der Lage. Der Gewerkschafter zeigte sich beeindruckt von der Professionalit\u00e4t der Einsatzkr\u00e4fte trotz der erschwerten Bedingungen: \u201eMeinen Kolleginnen und Kollegen wurde in diesen Tagen viel abverlangt, die Belastung war konstant hoch. Das verdient Anerkennung.\u201c<br \/>\n<a href=\"https:\/\/www.gdp.de\/gdp\/gdp.nsf\/ID\/BA5C4060CAF736C4C1258939003667A0?Open\" target=\"_blank\" rel=\"noopener\">Polizeieinsatz in L\u00fctzerath &#8212; Kopelke: Unser Dank gilt allen eingesetzten Polizeikr\u00e4ften &#8212;<\/a><\/p>\n","protected":false},"excerpt":{"rendered":"<p>Polizeieinsatz in L\u00fctzerath &#8212; Kopelke: Unser Dank gilt allen eingesetzten Polizeikr\u00e4ften &#8212; Die Gewerkschaft der Polizei (GdP) betreute die in L\u00fctzerath eingesetzten Polizistinnen und Polizisten vor Ort. Neben dem GdP-Landeschef Nordrhein-Westfalen Michael Mertens machte sich der Bundesvorsitzende Jochen Kopelke ein Bild der Lage. Der Gewerkschafter zeigte sich beeindruckt von der <a class=\"more-link\" href=\"https:\/\/kg-saarland.gdpbundespolizeikoblenz.de\/?p=3097\">Weiterlesen<span class=\"screen-reader-text\">Polizeieinsatz in L\u00fctzerath &#8212; Kopelke: Unser Dank gilt allen eingesetzten Polizeikr\u00e4ften &#8212;<\/span><span class=\"meta-nav\">&rarr;<\/span><\/a><\/p>\n","protected":false},"author":1,"featured_media":0,"comment_status":"closed","ping_status":"closed","sticky":false,"template":"","format":"standard","meta":{"footnotes":""},"categories":[90],"tags":[],"class_list":["post-3097","post","type-post","status-publish","format-standard","hentry","category-gdp-news"],"_links":{"self":[{"href":"https:\/\/kg-saarland.gdpbundespolizeikoblenz.de\/index.php?rest_route=\/wp\/v2\/posts\/3097","targetHints":{"allow":["GET"]}}],"collection":[{"href":"https:\/\/kg-saarland.gdpbundespolizeikoblenz.de\/index.php?rest_route=\/wp\/v2\/posts"}],"about":[{"href":"https:\/\/kg-saarland.gdpbundespolizeikoblenz.de\/index.php?rest_route=\/wp\/v2\/types\/post"}],"author":[{"embeddable":true,"href":"https:\/\/kg-saarland.gdpbundespolizeikoblenz.de\/index.php?rest_route=\/wp\/v2\/users\/1"}],"replies":[{"embeddable":true,"href":"https:\/\/kg-saarland.gdpbundespolizeikoblenz.de\/index.php?rest_route=%2Fwp%2Fv2%2Fcomments&post=3097"}],"version-history":[{"count":1,"href":"https:\/\/kg-saarland.gdpbundespolizeikoblenz.de\/index.php?rest_route=\/wp\/v2\/posts\/3097\/revisions"}],"predecessor-version":[{"id":3098,"href":"https:\/\/kg-saarland.gdpbundespolizeikoblenz.de\/index.php?rest_route=\/wp\/v2\/posts\/3097\/revisions\/3098"}],"wp:attachment":[{"href":"https:\/\/kg-saarland.gdpbundespolizeikoblenz.de\/index.php?rest_route=%2Fwp%2Fv2%2Fmedia&parent=3097"}],"wp:term":[{"taxonomy":"category","embeddable":true,"href":"https:\/\/kg-saarland.gdpbundespolizeikoblenz.de\/index.php?rest_route=%2Fwp%2Fv2%2Fcategories&post=3097"},{"taxonomy":"post_tag","embeddable":true,"href":"https:\/\/kg-saarland.gdpbundespolizeikoblenz.de\/index.php?rest_route=%2Fwp%2Fv2%2Ftags&post=3097"}],"curies":[{"name":"wp","href":"https:\/\/api.w.org\/{rel}","templated":true}]}}