{"id":3101,"date":"2023-01-11T09:15:07","date_gmt":"2023-01-11T08:15:07","guid":{"rendered":"https:\/\/kg-saarland.gdpbundespolizeikoblenz.de\/?p=3101"},"modified":"2023-03-24T13:23:57","modified_gmt":"2023-03-24T12:23:57","slug":"neujahrsempfang-bundespraesident-verurteilt-silvesterangriffe-auf-einsatzkraefte-steinmeier-polizisten-feuerwehrleute-sanitaeter-sind-keine-pruegelknaben-fuer-frustrierte","status":"publish","type":"post","link":"https:\/\/kg-saarland.gdpbundespolizeikoblenz.de\/?p=3101","title":{"rendered":"Neujahrsempfang: Bundespr\u00e4sident verurteilt Silvesterangriffe auf Einsatzkr\u00e4fte &#8212; Steinmeier: Polizisten, Feuerwehrleute, Sanit\u00e4ter sind keine Pr\u00fcgelknaben f\u00fcr Frustrierte! &#8212;"},"content":{"rendered":"<p>Neujahrsempfang: Bundespr\u00e4sident verurteilt Silvesterangriffe auf Einsatzkr\u00e4fte &#8212; Steinmeier: Polizisten, Feuerwehrleute, Sanit\u00e4ter sind keine Pr\u00fcgelknaben f\u00fcr Frustrierte! &#8212;<br \/>\nDer Bundespr\u00e4sident hatte ins Schloss Bellevue geladen und GdP-Chef Jochen Kopelke folgte gern. W\u00e4hrend des Empfanges im Berliner Amtssitz des deutschen Staatsoberhauptes nutzte Kopelke die Chance, sich ein paar Minuten mit Frank-Walter Steinmeier ins Gespr\u00e4ch zu vertiefen. Wenig \u00fcberraschend standen die aktuellen Ereignisse der Silvesternacht im Fokus des Meinungsaustausches. Der Bundespr\u00e4sident ging zudem in seiner sp\u00e4teren Rede sehr nachdr\u00fccklich auf die Gewalt gegen polizeiliche Einsatzkr\u00e4fte, Feuerwehrleute und Rettungskr\u00e4fte ein. Angesprochen hatte der GdP-Bundesvorsitzende Steinmeier auch auf den Schutz der Demokratie sowie die mangelnde Wertsch\u00e4tzung polizeilicher Arbeit in der \u00f6ffentlichen Wahrnehmung.<br \/>\n<a href=\"https:\/\/www.gdp.de\/gdp\/gdp.nsf\/ID\/8E0AE98239EB86B6C12589340027D0A8?Open\" target=\"_blank\" rel=\"noopener\">Neujahrsempfang: Bundespr\u00e4sident verurteilt Silvesterangriffe auf Einsatzkr\u00e4fte &#8212; Steinmeier: Polizisten, Feuerwehrleute, Sanit\u00e4ter sind keine Pr\u00fcgelknaben f\u00fcr Frustrierte! &#8212;<\/a><\/p>\n","protected":false},"excerpt":{"rendered":"<p>Neujahrsempfang: Bundespr\u00e4sident verurteilt Silvesterangriffe auf Einsatzkr\u00e4fte &#8212; Steinmeier: Polizisten, Feuerwehrleute, Sanit\u00e4ter sind keine Pr\u00fcgelknaben f\u00fcr Frustrierte! &#8212; Der Bundespr\u00e4sident hatte ins Schloss Bellevue geladen und GdP-Chef Jochen Kopelke folgte gern. W\u00e4hrend des Empfanges im Berliner Amtssitz des deutschen Staatsoberhauptes nutzte Kopelke die Chance, sich ein paar Minuten mit Frank-Walter Steinmeier <a class=\"more-link\" href=\"https:\/\/kg-saarland.gdpbundespolizeikoblenz.de\/?p=3101\">Weiterlesen<span class=\"screen-reader-text\">Neujahrsempfang: Bundespr\u00e4sident verurteilt Silvesterangriffe auf Einsatzkr\u00e4fte &#8212; Steinmeier: Polizisten, Feuerwehrleute, Sanit\u00e4ter sind keine Pr\u00fcgelknaben f\u00fcr Frustrierte! &#8212;<\/span><span class=\"meta-nav\">&rarr;<\/span><\/a><\/p>\n","protected":false},"author":1,"featured_media":0,"comment_status":"closed","ping_status":"closed","sticky":false,"template":"","format":"standard","meta":{"footnotes":""},"categories":[90],"tags":[],"class_list":["post-3101","post","type-post","status-publish","format-standard","hentry","category-gdp-news"],"_links":{"self":[{"href":"https:\/\/kg-saarland.gdpbundespolizeikoblenz.de\/index.php?rest_route=\/wp\/v2\/posts\/3101","targetHints":{"allow":["GET"]}}],"collection":[{"href":"https:\/\/kg-saarland.gdpbundespolizeikoblenz.de\/index.php?rest_route=\/wp\/v2\/posts"}],"about":[{"href":"https:\/\/kg-saarland.gdpbundespolizeikoblenz.de\/index.php?rest_route=\/wp\/v2\/types\/post"}],"author":[{"embeddable":true,"href":"https:\/\/kg-saarland.gdpbundespolizeikoblenz.de\/index.php?rest_route=\/wp\/v2\/users\/1"}],"replies":[{"embeddable":true,"href":"https:\/\/kg-saarland.gdpbundespolizeikoblenz.de\/index.php?rest_route=%2Fwp%2Fv2%2Fcomments&post=3101"}],"version-history":[{"count":1,"href":"https:\/\/kg-saarland.gdpbundespolizeikoblenz.de\/index.php?rest_route=\/wp\/v2\/posts\/3101\/revisions"}],"predecessor-version":[{"id":3102,"href":"https:\/\/kg-saarland.gdpbundespolizeikoblenz.de\/index.php?rest_route=\/wp\/v2\/posts\/3101\/revisions\/3102"}],"wp:attachment":[{"href":"https:\/\/kg-saarland.gdpbundespolizeikoblenz.de\/index.php?rest_route=%2Fwp%2Fv2%2Fmedia&parent=3101"}],"wp:term":[{"taxonomy":"category","embeddable":true,"href":"https:\/\/kg-saarland.gdpbundespolizeikoblenz.de\/index.php?rest_route=%2Fwp%2Fv2%2Fcategories&post=3101"},{"taxonomy":"post_tag","embeddable":true,"href":"https:\/\/kg-saarland.gdpbundespolizeikoblenz.de\/index.php?rest_route=%2Fwp%2Fv2%2Ftags&post=3101"}],"curies":[{"name":"wp","href":"https:\/\/api.w.org\/{rel}","templated":true}]}}