{"id":3103,"date":"2023-01-10T09:01:55","date_gmt":"2023-01-10T08:01:55","guid":{"rendered":"https:\/\/kg-saarland.gdpbundespolizeikoblenz.de\/?p=3103"},"modified":"2023-03-24T13:24:31","modified_gmt":"2023-03-24T12:24:31","slug":"gdp-moniert-regelungen-bei-schadensersatz-fuer-im-dienst-verletzte-einsatzkraefte-hueber-dienst-fuer-den-staat-ist-keine-einbahnstrasse","status":"publish","type":"post","link":"https:\/\/kg-saarland.gdpbundespolizeikoblenz.de\/?p=3103","title":{"rendered":"GdP moniert Regelungen bei Schadensersatz f\u00fcr im Dienst verletzte Einsatzkr\u00e4fte  &#8212; H\u00fcber: Dienst f\u00fcr den Staat ist keine Einbahnstra\u00dfe &#8212;"},"content":{"rendered":"<p>GdP moniert Regelungen bei Schadensersatz f\u00fcr im Dienst verletzte Einsatzkr\u00e4fte &#8212; H\u00fcber: Dienst f\u00fcr den Staat ist keine Einbahnstra\u00dfe &#8212;<br \/>\nF\u00fcr im Dienst verletzte Polizeibeamtinnen und -beamte m\u00fcsse der sogenannte Dienstherr bereits vor einem erfolgreichen Urteil \u00fcber Schmerzensgeldanspr\u00fcche anfallende Kosten \u00fcbernehmen, fordert die Gewerkschaft der Polizei (GdP). \u201eWenn Kolleginnen und Kollegen im Einsatz Opfer eines t\u00e4tlichen Angriffs werden und im Zivilprozess Schmerzensgeldforderungen stellen oder als Nebenkl\u00e4ger im Strafprozess auftreten, d\u00fcrfen die entstehenden Justizkosten nicht auf den Schultern des Verletzten lasten\u201c, unterstrich der f\u00fcr Beamtenpolitik zust\u00e4ndige stellvertretende GdP-Bundesvorsitzende Sven H\u00fcber am Dienstag in Berlin angesichts der best\u00fcrzenden Angriffe auf Einsatzkr\u00e4fte in der j\u00fcngsten Silvesternacht.<br \/>\n<a href=\"https:\/\/www.gdp.de\/gdp\/gdp.nsf\/ID\/B766F3B34F8B4C10C125893300269AA4?Open\" target=\"_blank\" rel=\"noopener\">GdP moniert Regelungen bei Schadensersatz f\u00fcr im Dienst verletzte Einsatzkr\u00e4fte &#8212; H\u00fcber: Dienst f\u00fcr den Staat ist keine Einbahnstra\u00dfe &#8212;<\/a><\/p>\n","protected":false},"excerpt":{"rendered":"<p>GdP moniert Regelungen bei Schadensersatz f\u00fcr im Dienst verletzte Einsatzkr\u00e4fte &#8212; H\u00fcber: Dienst f\u00fcr den Staat ist keine Einbahnstra\u00dfe &#8212; F\u00fcr im Dienst verletzte Polizeibeamtinnen und -beamte m\u00fcsse der sogenannte Dienstherr bereits vor einem erfolgreichen Urteil \u00fcber Schmerzensgeldanspr\u00fcche anfallende Kosten \u00fcbernehmen, fordert die Gewerkschaft der Polizei (GdP). \u201eWenn Kolleginnen und <a class=\"more-link\" href=\"https:\/\/kg-saarland.gdpbundespolizeikoblenz.de\/?p=3103\">Weiterlesen<span class=\"screen-reader-text\">GdP moniert Regelungen bei Schadensersatz f\u00fcr im Dienst verletzte Einsatzkr\u00e4fte  &#8212; H\u00fcber: Dienst f\u00fcr den Staat ist keine Einbahnstra\u00dfe &#8212;<\/span><span class=\"meta-nav\">&rarr;<\/span><\/a><\/p>\n","protected":false},"author":1,"featured_media":0,"comment_status":"closed","ping_status":"closed","sticky":false,"template":"","format":"standard","meta":{"footnotes":""},"categories":[90],"tags":[],"class_list":["post-3103","post","type-post","status-publish","format-standard","hentry","category-gdp-news"],"_links":{"self":[{"href":"https:\/\/kg-saarland.gdpbundespolizeikoblenz.de\/index.php?rest_route=\/wp\/v2\/posts\/3103","targetHints":{"allow":["GET"]}}],"collection":[{"href":"https:\/\/kg-saarland.gdpbundespolizeikoblenz.de\/index.php?rest_route=\/wp\/v2\/posts"}],"about":[{"href":"https:\/\/kg-saarland.gdpbundespolizeikoblenz.de\/index.php?rest_route=\/wp\/v2\/types\/post"}],"author":[{"embeddable":true,"href":"https:\/\/kg-saarland.gdpbundespolizeikoblenz.de\/index.php?rest_route=\/wp\/v2\/users\/1"}],"replies":[{"embeddable":true,"href":"https:\/\/kg-saarland.gdpbundespolizeikoblenz.de\/index.php?rest_route=%2Fwp%2Fv2%2Fcomments&post=3103"}],"version-history":[{"count":1,"href":"https:\/\/kg-saarland.gdpbundespolizeikoblenz.de\/index.php?rest_route=\/wp\/v2\/posts\/3103\/revisions"}],"predecessor-version":[{"id":3104,"href":"https:\/\/kg-saarland.gdpbundespolizeikoblenz.de\/index.php?rest_route=\/wp\/v2\/posts\/3103\/revisions\/3104"}],"wp:attachment":[{"href":"https:\/\/kg-saarland.gdpbundespolizeikoblenz.de\/index.php?rest_route=%2Fwp%2Fv2%2Fmedia&parent=3103"}],"wp:term":[{"taxonomy":"category","embeddable":true,"href":"https:\/\/kg-saarland.gdpbundespolizeikoblenz.de\/index.php?rest_route=%2Fwp%2Fv2%2Fcategories&post=3103"},{"taxonomy":"post_tag","embeddable":true,"href":"https:\/\/kg-saarland.gdpbundespolizeikoblenz.de\/index.php?rest_route=%2Fwp%2Fv2%2Ftags&post=3103"}],"curies":[{"name":"wp","href":"https:\/\/api.w.org\/{rel}","templated":true}]}}