{"id":3105,"date":"2023-01-06T10:40:03","date_gmt":"2023-01-06T09:40:03","guid":{"rendered":"https:\/\/kg-saarland.gdpbundespolizeikoblenz.de\/?p=3105"},"modified":"2023-03-24T13:24:22","modified_gmt":"2023-03-24T12:24:22","slug":"reform-des-disziplinargesetzes-auf-dem-pruefstand","status":"publish","type":"post","link":"https:\/\/kg-saarland.gdpbundespolizeikoblenz.de\/?p=3105","title":{"rendered":"Reform des Disziplinargesetzes &#8212; Auf dem Pr\u00fcfstand &#8212;"},"content":{"rendered":"<p>Reform des Disziplinargesetzes &#8212; Auf dem Pr\u00fcfstand &#8212;<br \/>\nSchon im M\u00e4rz 2022 hatte die Bundesinnenministerin mit der Vorstellung ihres \u201eAktionsplans gegen Rechtsextremismus\u201c angek\u00fcndigt, das Bundesdisziplinargesetz zu \u00e4ndern. Damit sollen verfassungsfeindliche Beamtinnen und Beamte schneller aus dem Dienst entfernt werden k\u00f6nnen. GdP-Gewerkschaftssekret\u00e4rin Gudrun Hoffmann erl\u00e4utert die aktuelle Entwicklung.<br \/>\n<a href=\"https:\/\/www.gdp.de\/gdp\/gdp.nsf\/ID\/23FB5E791E68B5D7C125892F002F9501?Open\" target=\"_blank\" rel=\"noopener\">Reform des Disziplinargesetzes &#8212; Auf dem Pr\u00fcfstand &#8212;<\/a><\/p>\n","protected":false},"excerpt":{"rendered":"<p>Reform des Disziplinargesetzes &#8212; Auf dem Pr\u00fcfstand &#8212; Schon im M\u00e4rz 2022 hatte die Bundesinnenministerin mit der Vorstellung ihres \u201eAktionsplans gegen Rechtsextremismus\u201c angek\u00fcndigt, das Bundesdisziplinargesetz zu \u00e4ndern. Damit sollen verfassungsfeindliche Beamtinnen und Beamte schneller aus dem Dienst entfernt werden k\u00f6nnen. GdP-Gewerkschaftssekret\u00e4rin Gudrun Hoffmann erl\u00e4utert die aktuelle Entwicklung. Reform des Disziplinargesetzes <a class=\"more-link\" href=\"https:\/\/kg-saarland.gdpbundespolizeikoblenz.de\/?p=3105\">Weiterlesen<span class=\"screen-reader-text\">Reform des Disziplinargesetzes &#8212; Auf dem Pr\u00fcfstand &#8212;<\/span><span class=\"meta-nav\">&rarr;<\/span><\/a><\/p>\n","protected":false},"author":1,"featured_media":0,"comment_status":"closed","ping_status":"closed","sticky":false,"template":"","format":"standard","meta":{"footnotes":""},"categories":[90],"tags":[],"class_list":["post-3105","post","type-post","status-publish","format-standard","hentry","category-gdp-news"],"_links":{"self":[{"href":"https:\/\/kg-saarland.gdpbundespolizeikoblenz.de\/index.php?rest_route=\/wp\/v2\/posts\/3105","targetHints":{"allow":["GET"]}}],"collection":[{"href":"https:\/\/kg-saarland.gdpbundespolizeikoblenz.de\/index.php?rest_route=\/wp\/v2\/posts"}],"about":[{"href":"https:\/\/kg-saarland.gdpbundespolizeikoblenz.de\/index.php?rest_route=\/wp\/v2\/types\/post"}],"author":[{"embeddable":true,"href":"https:\/\/kg-saarland.gdpbundespolizeikoblenz.de\/index.php?rest_route=\/wp\/v2\/users\/1"}],"replies":[{"embeddable":true,"href":"https:\/\/kg-saarland.gdpbundespolizeikoblenz.de\/index.php?rest_route=%2Fwp%2Fv2%2Fcomments&post=3105"}],"version-history":[{"count":1,"href":"https:\/\/kg-saarland.gdpbundespolizeikoblenz.de\/index.php?rest_route=\/wp\/v2\/posts\/3105\/revisions"}],"predecessor-version":[{"id":3106,"href":"https:\/\/kg-saarland.gdpbundespolizeikoblenz.de\/index.php?rest_route=\/wp\/v2\/posts\/3105\/revisions\/3106"}],"wp:attachment":[{"href":"https:\/\/kg-saarland.gdpbundespolizeikoblenz.de\/index.php?rest_route=%2Fwp%2Fv2%2Fmedia&parent=3105"}],"wp:term":[{"taxonomy":"category","embeddable":true,"href":"https:\/\/kg-saarland.gdpbundespolizeikoblenz.de\/index.php?rest_route=%2Fwp%2Fv2%2Fcategories&post=3105"},{"taxonomy":"post_tag","embeddable":true,"href":"https:\/\/kg-saarland.gdpbundespolizeikoblenz.de\/index.php?rest_route=%2Fwp%2Fv2%2Ftags&post=3105"}],"curies":[{"name":"wp","href":"https:\/\/api.w.org\/{rel}","templated":true}]}}