{"id":3119,"date":"2023-02-07T19:45:30","date_gmt":"2023-02-07T18:45:30","guid":{"rendered":"https:\/\/kg-saarland.gdpbundespolizeikoblenz.de\/?p=3119"},"modified":"2023-02-07T19:50:20","modified_gmt":"2023-02-07T18:50:20","slug":"staffeluebergabe-beim-gesamtpersonalrat-in-koblenz","status":"publish","type":"post","link":"https:\/\/kg-saarland.gdpbundespolizeikoblenz.de\/?p=3119","title":{"rendered":"Staffel\u00fcbergabe beim Gesamtpersonalrat in Koblenz"},"content":{"rendered":"<figure id=\"attachment_6078\" class=\"wp-caption aligncenter\" aria-describedby=\"caption-attachment-6078\"><a href=\"https:\/\/gdpbundespolizeikoblenz.de\/wp-content\/uploads\/2023\/02\/image0-scaled.jpeg\"><img loading=\"lazy\" decoding=\"async\" class=\"wp-image-6078 size-large\" src=\"https:\/\/gdpbundespolizeikoblenz.de\/wp-content\/uploads\/2023\/02\/image0-815x1024.jpeg\" sizes=\"auto, (max-width: 800px) 100vw, 800px\" srcset=\"https:\/\/gdpbundespolizeikoblenz.de\/wp-content\/uploads\/2023\/02\/image0-815x1024.jpeg 815w, https:\/\/gdpbundespolizeikoblenz.de\/wp-content\/uploads\/2023\/02\/image0-239x300.jpeg 239w, https:\/\/gdpbundespolizeikoblenz.de\/wp-content\/uploads\/2023\/02\/image0-768x965.jpeg 768w, https:\/\/gdpbundespolizeikoblenz.de\/wp-content\/uploads\/2023\/02\/image0-1222x1536.jpeg 1222w, https:\/\/gdpbundespolizeikoblenz.de\/wp-content\/uploads\/2023\/02\/image0-1629x2048.jpeg 1629w, https:\/\/gdpbundespolizeikoblenz.de\/wp-content\/uploads\/2023\/02\/image0-scaled.jpeg 2037w\" alt=\"\" width=\"800\" height=\"1005\" \/><\/a><figcaption id=\"caption-attachment-6078\" class=\"wp-caption-text\">v.l.n.r.: Lutz Tasch, Roland Voss, Klaus Engel<\/figcaption><\/figure>\n<p>Lutz Tasch tritt die Nachfolge von Klaus Engel als Gesamtpersonalrats (GPR) Vorsitzender bei der BPOLD Koblenz an. Nach mehr als sieben Jahren mit gro\u00dfem Elan, Weitsicht und vor allem Menschlichkeit hat sich Klaus Engel aus gesundheitlichen Gr\u00fcnden entschieden vom Amt des Vorsitzenden zur\u00fcck zu treten.<\/p>\n<p>Das Gremium w\u00e4hlte Lutz Tasch zu seinem Nachfolger.<\/p>\n<p>In einer Laudation w\u00fcrdigte der GdP Direktionsgruppenvorsitzende Roland Voss die Verdienste von Klaus Engel.<\/p>\n<p>F\u00fcr Lutz Tasch w\u00fcnscht er die sichere Kraft die Geschicke f\u00fcr alle Besch\u00e4ftigen der BPOLD Koblenz weiterhin klug und erfolgreich zu steuern.<\/p>\n<p>Gl\u00fcck-Auf!<\/p>\n","protected":false},"excerpt":{"rendered":"<p>v.l.n.r.: Lutz Tasch, Roland Voss, Klaus Engel Lutz Tasch tritt die Nachfolge von Klaus Engel als Gesamtpersonalrats (GPR) Vorsitzender bei der BPOLD Koblenz an. Nach mehr als sieben Jahren mit gro\u00dfem Elan, Weitsicht und vor allem Menschlichkeit hat sich Klaus Engel aus gesundheitlichen Gr\u00fcnden entschieden vom Amt des Vorsitzenden zur\u00fcck <a class=\"more-link\" href=\"https:\/\/kg-saarland.gdpbundespolizeikoblenz.de\/?p=3119\">Weiterlesen<span class=\"screen-reader-text\">Staffel\u00fcbergabe beim Gesamtpersonalrat in Koblenz<\/span><span class=\"meta-nav\">&rarr;<\/span><\/a><\/p>\n","protected":false},"author":1,"featured_media":0,"comment_status":"closed","ping_status":"closed","sticky":false,"template":"","format":"image","meta":{"footnotes":""},"categories":[73,90,1,53],"tags":[110,112,111,113],"class_list":["post-3119","post","type-post","status-publish","format-image","hentry","category-aktuell","category-gdp-news","category-uncategorized","category-vorstand","tag-gesamtpersonalrat","tag-klaus-engel","tag-lutz-tasch","tag-roland-voss","post_format-post-format-image"],"_links":{"self":[{"href":"https:\/\/kg-saarland.gdpbundespolizeikoblenz.de\/index.php?rest_route=\/wp\/v2\/posts\/3119","targetHints":{"allow":["GET"]}}],"collection":[{"href":"https:\/\/kg-saarland.gdpbundespolizeikoblenz.de\/index.php?rest_route=\/wp\/v2\/posts"}],"about":[{"href":"https:\/\/kg-saarland.gdpbundespolizeikoblenz.de\/index.php?rest_route=\/wp\/v2\/types\/post"}],"author":[{"embeddable":true,"href":"https:\/\/kg-saarland.gdpbundespolizeikoblenz.de\/index.php?rest_route=\/wp\/v2\/users\/1"}],"replies":[{"embeddable":true,"href":"https:\/\/kg-saarland.gdpbundespolizeikoblenz.de\/index.php?rest_route=%2Fwp%2Fv2%2Fcomments&post=3119"}],"version-history":[{"count":0,"href":"https:\/\/kg-saarland.gdpbundespolizeikoblenz.de\/index.php?rest_route=\/wp\/v2\/posts\/3119\/revisions"}],"wp:attachment":[{"href":"https:\/\/kg-saarland.gdpbundespolizeikoblenz.de\/index.php?rest_route=%2Fwp%2Fv2%2Fmedia&parent=3119"}],"wp:term":[{"taxonomy":"category","embeddable":true,"href":"https:\/\/kg-saarland.gdpbundespolizeikoblenz.de\/index.php?rest_route=%2Fwp%2Fv2%2Fcategories&post=3119"},{"taxonomy":"post_tag","embeddable":true,"href":"https:\/\/kg-saarland.gdpbundespolizeikoblenz.de\/index.php?rest_route=%2Fwp%2Fv2%2Ftags&post=3119"}],"curies":[{"name":"wp","href":"https:\/\/api.w.org\/{rel}","templated":true}]}}