{"id":3138,"date":"2023-02-23T18:17:17","date_gmt":"2023-02-23T17:17:17","guid":{"rendered":"https:\/\/kg-saarland.gdpbundespolizeikoblenz.de\/?p=3138"},"modified":"2023-03-24T13:22:20","modified_gmt":"2023-03-24T12:22:20","slug":"gdp-zu-angebot-in-zweiter-oed-tarifrunde-von-bund-und-kommunen-tarifchef-klemmer-kein-ernsthaftes-angebot","status":"publish","type":"post","link":"https:\/\/kg-saarland.gdpbundespolizeikoblenz.de\/?p=3138","title":{"rendered":"GdP zu Angebot in zweiter \u00f6D-Tarifrunde von Bund und Kommunen &#8212; Tarifchef Klemmer: Kein ernsthaftes Angebot &#8212;"},"content":{"rendered":"<p>GdP zu Angebot in zweiter \u00f6D-Tarifrunde von Bund und Kommunen &#8212; Tarifchef Klemmer: Kein ernsthaftes Angebot &#8212;<br \/>\nDie Gewerkschaft der Polizei (GdP) kritisiert das erste Angebot der Arbeitgeberseite in der zweiten Verhandlungsrunde im \u00f6D-Tarifstreit von Bund und Kommunen. \u201eDas Angebot entspricht nicht unseren Erwartungen und ist f\u00fcr die Besch\u00e4ftigten bei Bund und Kommunen eine gro\u00dfe Entt\u00e4uschung und st\u00f6\u00dft auf Ablehnung\u201c, sagte der GdP-Tarifexperte und stellvertretende Bundesvorsitzende Ren\u00e9 Klemmer am Donnerstag in Potsdam. \u201eKontraproduktiv ist insbesondere die Bevorzugung der h\u00f6heren Einkommen bei der Jahressonderzahlung der Kommunen. Das ist unsozial.\u201c<br \/>\n<a href=\"https:\/\/www.gdp.de\/gdp\/gdp.nsf\/ID\/1B9B2A851FC15943C125895F00597346?Open\" target=\"_blank\" rel=\"noopener\">GdP zu Angebot in zweiter \u00f6D-Tarifrunde von Bund und Kommunen &#8212; Tarifchef Klemmer: Kein ernsthaftes Angebot &#8212;<\/a><\/p>\n","protected":false},"excerpt":{"rendered":"<p>GdP zu Angebot in zweiter \u00f6D-Tarifrunde von Bund und Kommunen &#8212; Tarifchef Klemmer: Kein ernsthaftes Angebot &#8212; Die Gewerkschaft der Polizei (GdP) kritisiert das erste Angebot der Arbeitgeberseite in der zweiten Verhandlungsrunde im \u00f6D-Tarifstreit von Bund und Kommunen. \u201eDas Angebot entspricht nicht unseren Erwartungen und ist f\u00fcr die Besch\u00e4ftigten bei <a class=\"more-link\" href=\"https:\/\/kg-saarland.gdpbundespolizeikoblenz.de\/?p=3138\">Weiterlesen<span class=\"screen-reader-text\">GdP zu Angebot in zweiter \u00f6D-Tarifrunde von Bund und Kommunen &#8212; Tarifchef Klemmer: Kein ernsthaftes Angebot &#8212;<\/span><span class=\"meta-nav\">&rarr;<\/span><\/a><\/p>\n","protected":false},"author":1,"featured_media":0,"comment_status":"closed","ping_status":"closed","sticky":false,"template":"","format":"standard","meta":{"footnotes":""},"categories":[90],"tags":[],"class_list":["post-3138","post","type-post","status-publish","format-standard","hentry","category-gdp-news"],"_links":{"self":[{"href":"https:\/\/kg-saarland.gdpbundespolizeikoblenz.de\/index.php?rest_route=\/wp\/v2\/posts\/3138","targetHints":{"allow":["GET"]}}],"collection":[{"href":"https:\/\/kg-saarland.gdpbundespolizeikoblenz.de\/index.php?rest_route=\/wp\/v2\/posts"}],"about":[{"href":"https:\/\/kg-saarland.gdpbundespolizeikoblenz.de\/index.php?rest_route=\/wp\/v2\/types\/post"}],"author":[{"embeddable":true,"href":"https:\/\/kg-saarland.gdpbundespolizeikoblenz.de\/index.php?rest_route=\/wp\/v2\/users\/1"}],"replies":[{"embeddable":true,"href":"https:\/\/kg-saarland.gdpbundespolizeikoblenz.de\/index.php?rest_route=%2Fwp%2Fv2%2Fcomments&post=3138"}],"version-history":[{"count":1,"href":"https:\/\/kg-saarland.gdpbundespolizeikoblenz.de\/index.php?rest_route=\/wp\/v2\/posts\/3138\/revisions"}],"predecessor-version":[{"id":3139,"href":"https:\/\/kg-saarland.gdpbundespolizeikoblenz.de\/index.php?rest_route=\/wp\/v2\/posts\/3138\/revisions\/3139"}],"wp:attachment":[{"href":"https:\/\/kg-saarland.gdpbundespolizeikoblenz.de\/index.php?rest_route=%2Fwp%2Fv2%2Fmedia&parent=3138"}],"wp:term":[{"taxonomy":"category","embeddable":true,"href":"https:\/\/kg-saarland.gdpbundespolizeikoblenz.de\/index.php?rest_route=%2Fwp%2Fv2%2Fcategories&post=3138"},{"taxonomy":"post_tag","embeddable":true,"href":"https:\/\/kg-saarland.gdpbundespolizeikoblenz.de\/index.php?rest_route=%2Fwp%2Fv2%2Ftags&post=3138"}],"curies":[{"name":"wp","href":"https:\/\/api.w.org\/{rel}","templated":true}]}}