{"id":3140,"date":"2023-02-22T09:18:30","date_gmt":"2023-02-22T08:18:30","guid":{"rendered":"https:\/\/kg-saarland.gdpbundespolizeikoblenz.de\/?p=3140"},"modified":"2023-03-24T13:22:12","modified_gmt":"2023-03-24T12:22:12","slug":"zweite-tarifrunde-von-bund-und-kommunen-im-oeffentlichen-dienst-beginnt-tarifchef-klemmer-hohe-erwartungshaltung-an-die-arbeitgeber","status":"publish","type":"post","link":"https:\/\/kg-saarland.gdpbundespolizeikoblenz.de\/?p=3140","title":{"rendered":"Zweite Tarifrunde von Bund und Kommunen im \u00f6ffentlichen Dienst beginnt &#8212; Tarifchef Klemmer: Hohe Erwartungshaltung an die Arbeitgeber &#8212;"},"content":{"rendered":"<p>Zweite Tarifrunde von Bund und Kommunen im \u00f6ffentlichen Dienst beginnt &#8212; Tarifchef Klemmer: Hohe Erwartungshaltung an die Arbeitgeber &#8212;<br \/>\nVor der zweiten Tarifrunde f\u00fcr die Besch\u00e4ftigten des \u00f6ffentlichen Dienstes von Bund und Kommunen mahnt die Gewerkschaft der Polizei (GdP) die Arbeitgeberseite an, ein konkretes Angebot zu machen. \u201eUnsere Erwartungshaltung ist hoch. Das Ergebnis dieser zweiten Runde muss ein konkretes Angebot mit angemessenen Zahlen hervorbringen\u201c, sagte der GdP-Tarifexperte und stellvertretende GdP-Bundesvorsitzende Ren\u00e9 Klemmer am Mittwoch in Potsdam.<br \/>\n<a href=\"https:\/\/www.gdp.de\/gdp\/gdp.nsf\/ID\/436E94920733913BC125895E00282048?Open\" target=\"_blank\" rel=\"noopener\">Zweite Tarifrunde von Bund und Kommunen im \u00f6ffentlichen Dienst beginnt &#8212; Tarifchef Klemmer: Hohe Erwartungshaltung an die Arbeitgeber &#8212;<\/a><\/p>\n","protected":false},"excerpt":{"rendered":"<p>Zweite Tarifrunde von Bund und Kommunen im \u00f6ffentlichen Dienst beginnt &#8212; Tarifchef Klemmer: Hohe Erwartungshaltung an die Arbeitgeber &#8212; Vor der zweiten Tarifrunde f\u00fcr die Besch\u00e4ftigten des \u00f6ffentlichen Dienstes von Bund und Kommunen mahnt die Gewerkschaft der Polizei (GdP) die Arbeitgeberseite an, ein konkretes Angebot zu machen. \u201eUnsere Erwartungshaltung ist <a class=\"more-link\" href=\"https:\/\/kg-saarland.gdpbundespolizeikoblenz.de\/?p=3140\">Weiterlesen<span class=\"screen-reader-text\">Zweite Tarifrunde von Bund und Kommunen im \u00f6ffentlichen Dienst beginnt &#8212; Tarifchef Klemmer: Hohe Erwartungshaltung an die Arbeitgeber &#8212;<\/span><span class=\"meta-nav\">&rarr;<\/span><\/a><\/p>\n","protected":false},"author":1,"featured_media":0,"comment_status":"closed","ping_status":"closed","sticky":false,"template":"","format":"standard","meta":{"footnotes":""},"categories":[90],"tags":[],"class_list":["post-3140","post","type-post","status-publish","format-standard","hentry","category-gdp-news"],"_links":{"self":[{"href":"https:\/\/kg-saarland.gdpbundespolizeikoblenz.de\/index.php?rest_route=\/wp\/v2\/posts\/3140","targetHints":{"allow":["GET"]}}],"collection":[{"href":"https:\/\/kg-saarland.gdpbundespolizeikoblenz.de\/index.php?rest_route=\/wp\/v2\/posts"}],"about":[{"href":"https:\/\/kg-saarland.gdpbundespolizeikoblenz.de\/index.php?rest_route=\/wp\/v2\/types\/post"}],"author":[{"embeddable":true,"href":"https:\/\/kg-saarland.gdpbundespolizeikoblenz.de\/index.php?rest_route=\/wp\/v2\/users\/1"}],"replies":[{"embeddable":true,"href":"https:\/\/kg-saarland.gdpbundespolizeikoblenz.de\/index.php?rest_route=%2Fwp%2Fv2%2Fcomments&post=3140"}],"version-history":[{"count":1,"href":"https:\/\/kg-saarland.gdpbundespolizeikoblenz.de\/index.php?rest_route=\/wp\/v2\/posts\/3140\/revisions"}],"predecessor-version":[{"id":3141,"href":"https:\/\/kg-saarland.gdpbundespolizeikoblenz.de\/index.php?rest_route=\/wp\/v2\/posts\/3140\/revisions\/3141"}],"wp:attachment":[{"href":"https:\/\/kg-saarland.gdpbundespolizeikoblenz.de\/index.php?rest_route=%2Fwp%2Fv2%2Fmedia&parent=3140"}],"wp:term":[{"taxonomy":"category","embeddable":true,"href":"https:\/\/kg-saarland.gdpbundespolizeikoblenz.de\/index.php?rest_route=%2Fwp%2Fv2%2Fcategories&post=3140"},{"taxonomy":"post_tag","embeddable":true,"href":"https:\/\/kg-saarland.gdpbundespolizeikoblenz.de\/index.php?rest_route=%2Fwp%2Fv2%2Ftags&post=3140"}],"curies":[{"name":"wp","href":"https:\/\/api.w.org\/{rel}","templated":true}]}}