{"id":3147,"date":"2023-03-16T15:02:45","date_gmt":"2023-03-16T14:02:45","guid":{"rendered":"https:\/\/kg-saarland.gdpbundespolizeikoblenz.de\/?p=3147"},"modified":"2023-03-24T13:19:36","modified_gmt":"2023-03-24T12:19:36","slug":"laender-tarifrunde-im-blick-tarifgemeinschaft-deutscher-laender-und-gdp-im-austausch","status":"publish","type":"post","link":"https:\/\/kg-saarland.gdpbundespolizeikoblenz.de\/?p=3147","title":{"rendered":"L\u00e4nder-Tarifrunde im Blick &#8212; Tarifgemeinschaft deutscher L\u00e4nder und GdP im Austausch &#8212;"},"content":{"rendered":"<p>L\u00e4nder-Tarifrunde im Blick &#8212; Tarifgemeinschaft deutscher L\u00e4nder und GdP im Austausch &#8212;<br \/>\nNoch ist die Tarifrunde f\u00fcr die \u00f6D-Besch\u00e4ftigten in Bund und Kommunen in vollem Gange, schon werfen die Verhandlungen mit der Tarifgemeinschaft deutscher L\u00e4nder (TdL) ihre Schatten voraus. Zu einem ersten Kennenlernen und thematischen Meinungsaustausch empfingen der GdP-Bundesvorsitzende Jochen Kopelke, GdP-Vize und Tarifexperte Ren\u00e9 Klemmer sowie GdP-Bundestarifsekret\u00e4rin Alberdina K\u00f6rner den neuen TdL-Vorsitzenden, Dr. Andreas Dressel. Der Hamburger Finanzsenator war Mitte Dezember 2022 zum Nachfolger des nieders\u00e4chsischen Finanzressortchefs Reinhold Hilbers gew\u00e4hlt worden. Begleitet wurde der TdL-Chef von Andr\u00e9 Kuhring, Tarifreferent im Personalamt der Freie und Hansestadt Hamburg.<br \/>\n<a href=\"https:\/\/www.gdp.de\/gdp\/gdp.nsf\/ID\/1AD27ED638362E0AC12589740047A588?Open\" target=\"_blank\" rel=\"noopener\">L\u00e4nder-Tarifrunde im Blick &#8212; Tarifgemeinschaft deutscher L\u00e4nder und GdP im Austausch &#8212;<\/a><\/p>\n","protected":false},"excerpt":{"rendered":"<p>L\u00e4nder-Tarifrunde im Blick &#8212; Tarifgemeinschaft deutscher L\u00e4nder und GdP im Austausch &#8212; Noch ist die Tarifrunde f\u00fcr die \u00f6D-Besch\u00e4ftigten in Bund und Kommunen in vollem Gange, schon werfen die Verhandlungen mit der Tarifgemeinschaft deutscher L\u00e4nder (TdL) ihre Schatten voraus. Zu einem ersten Kennenlernen und thematischen Meinungsaustausch empfingen der GdP-Bundesvorsitzende Jochen <a class=\"more-link\" href=\"https:\/\/kg-saarland.gdpbundespolizeikoblenz.de\/?p=3147\">Weiterlesen<span class=\"screen-reader-text\">L\u00e4nder-Tarifrunde im Blick &#8212; Tarifgemeinschaft deutscher L\u00e4nder und GdP im Austausch &#8212;<\/span><span class=\"meta-nav\">&rarr;<\/span><\/a><\/p>\n","protected":false},"author":1,"featured_media":0,"comment_status":"closed","ping_status":"closed","sticky":false,"template":"","format":"standard","meta":{"footnotes":""},"categories":[90],"tags":[],"class_list":["post-3147","post","type-post","status-publish","format-standard","hentry","category-gdp-news"],"_links":{"self":[{"href":"https:\/\/kg-saarland.gdpbundespolizeikoblenz.de\/index.php?rest_route=\/wp\/v2\/posts\/3147","targetHints":{"allow":["GET"]}}],"collection":[{"href":"https:\/\/kg-saarland.gdpbundespolizeikoblenz.de\/index.php?rest_route=\/wp\/v2\/posts"}],"about":[{"href":"https:\/\/kg-saarland.gdpbundespolizeikoblenz.de\/index.php?rest_route=\/wp\/v2\/types\/post"}],"author":[{"embeddable":true,"href":"https:\/\/kg-saarland.gdpbundespolizeikoblenz.de\/index.php?rest_route=\/wp\/v2\/users\/1"}],"replies":[{"embeddable":true,"href":"https:\/\/kg-saarland.gdpbundespolizeikoblenz.de\/index.php?rest_route=%2Fwp%2Fv2%2Fcomments&post=3147"}],"version-history":[{"count":1,"href":"https:\/\/kg-saarland.gdpbundespolizeikoblenz.de\/index.php?rest_route=\/wp\/v2\/posts\/3147\/revisions"}],"predecessor-version":[{"id":3148,"href":"https:\/\/kg-saarland.gdpbundespolizeikoblenz.de\/index.php?rest_route=\/wp\/v2\/posts\/3147\/revisions\/3148"}],"wp:attachment":[{"href":"https:\/\/kg-saarland.gdpbundespolizeikoblenz.de\/index.php?rest_route=%2Fwp%2Fv2%2Fmedia&parent=3147"}],"wp:term":[{"taxonomy":"category","embeddable":true,"href":"https:\/\/kg-saarland.gdpbundespolizeikoblenz.de\/index.php?rest_route=%2Fwp%2Fv2%2Fcategories&post=3147"},{"taxonomy":"post_tag","embeddable":true,"href":"https:\/\/kg-saarland.gdpbundespolizeikoblenz.de\/index.php?rest_route=%2Fwp%2Fv2%2Ftags&post=3147"}],"curies":[{"name":"wp","href":"https:\/\/api.w.org\/{rel}","templated":true}]}}