{"id":3149,"date":"2023-03-13T16:16:46","date_gmt":"2023-03-13T15:16:46","guid":{"rendered":"https:\/\/kg-saarland.gdpbundespolizeikoblenz.de\/?p=3149"},"modified":"2023-03-24T13:20:00","modified_gmt":"2023-03-24T12:20:00","slug":"treffen-der-a-imk-in-bremen-expertise-der-gdp-im-minister-und-senatorenkreis-gefragt-kopelke-die-polizei-braucht-eine-schwungvolle-wirksame-attraktivitaetsoffensive","status":"publish","type":"post","link":"https:\/\/kg-saarland.gdpbundespolizeikoblenz.de\/?p=3149","title":{"rendered":"Treffen der &quot;A-IMK&quot; in Bremen: Expertise der GdP im Minister- und Senatorenkreis gefragt &#8212; Kopelke: Die Polizei braucht eine schwungvolle, wirksame Attraktivit\u00e4tsoffensive &#8212;"},"content":{"rendered":"<p>Treffen der &#8222;A-IMK&#8220; in Bremen: Expertise der GdP im Minister- und Senatorenkreis gefragt &#8212; Kopelke: Die Polizei braucht eine schwungvolle, wirksame Attraktivit\u00e4tsoffensive &#8212;<br \/>\nHochkar\u00e4tige Einladung f\u00fcr den GdP-Bundesvorsitzenden Jochen Kopelke Mitte M\u00e4rz: Die Hausspitzen der sozialdemokratisch gef\u00fchrten Innenressorts, die sogenannten A-L\u00e4nder der St\u00e4ndigen Konferenz der Innenminister und -senatoren (IMK), trafen sich im Vorfeld der im Juni in Berlin stattfindenden IMK-Fr\u00fchlingstagung in Kopelkes Heimatstadt Bremen zu thematischen Absprachen. \u00dcberschattet wurde das Treffen von der nach einem Amoklauf in Hamburg losgetretenen Debatte \u00fcber Versch\u00e4rfungen im Waffenrecht. Der T\u00e4ter, ein Sportsch\u00fctze, hatte mit einer halbautomatischen Waffe sieben Menschen get\u00f6tet, mehrere Personen wurden schwerverletzt. Zeitnah forderte Kopelke eine bessere personelle Ausstattung und Vernetzung aller beteiligten Beh\u00f6rden, darunter die Gesundheits\u00e4mter. Zudem m\u00fcsse der Umgang der Sportsch\u00fctzenvereine mit den Waffen ihrer Mitglieder auf den Pr\u00fcfstand gestellt werden. Er erwarte eine aktive Beteiligung der Vereine, sagte Kopelke den ARD-Tagesthemen.<br \/>\n<a href=\"https:\/\/www.gdp.de\/gdp\/gdp.nsf\/ID\/7AF4D56B69AE6A27C1258971004E69B2?Open\" target=\"_blank\" rel=\"noopener\">Treffen der &#8222;A-IMK&#8220; in Bremen: Expertise der GdP im Minister- und Senatorenkreis gefragt &#8212; Kopelke: Die Polizei braucht eine schwungvolle, wirksame Attraktivit\u00e4tsoffensive &#8212;<\/a><\/p>\n","protected":false},"excerpt":{"rendered":"<p>Treffen der &#8222;A-IMK&#8220; in Bremen: Expertise der GdP im Minister- und Senatorenkreis gefragt &#8212; Kopelke: Die Polizei braucht eine schwungvolle, wirksame Attraktivit\u00e4tsoffensive &#8212; Hochkar\u00e4tige Einladung f\u00fcr den GdP-Bundesvorsitzenden Jochen Kopelke Mitte M\u00e4rz: Die Hausspitzen der sozialdemokratisch gef\u00fchrten Innenressorts, die sogenannten A-L\u00e4nder der St\u00e4ndigen Konferenz der Innenminister und -senatoren (IMK), trafen <a class=\"more-link\" href=\"https:\/\/kg-saarland.gdpbundespolizeikoblenz.de\/?p=3149\">Weiterlesen<span class=\"screen-reader-text\">Treffen der &quot;A-IMK&quot; in Bremen: Expertise der GdP im Minister- und Senatorenkreis gefragt &#8212; Kopelke: Die Polizei braucht eine schwungvolle, wirksame Attraktivit\u00e4tsoffensive &#8212;<\/span><span class=\"meta-nav\">&rarr;<\/span><\/a><\/p>\n","protected":false},"author":1,"featured_media":0,"comment_status":"closed","ping_status":"closed","sticky":false,"template":"","format":"standard","meta":{"footnotes":""},"categories":[90],"tags":[],"class_list":["post-3149","post","type-post","status-publish","format-standard","hentry","category-gdp-news"],"_links":{"self":[{"href":"https:\/\/kg-saarland.gdpbundespolizeikoblenz.de\/index.php?rest_route=\/wp\/v2\/posts\/3149","targetHints":{"allow":["GET"]}}],"collection":[{"href":"https:\/\/kg-saarland.gdpbundespolizeikoblenz.de\/index.php?rest_route=\/wp\/v2\/posts"}],"about":[{"href":"https:\/\/kg-saarland.gdpbundespolizeikoblenz.de\/index.php?rest_route=\/wp\/v2\/types\/post"}],"author":[{"embeddable":true,"href":"https:\/\/kg-saarland.gdpbundespolizeikoblenz.de\/index.php?rest_route=\/wp\/v2\/users\/1"}],"replies":[{"embeddable":true,"href":"https:\/\/kg-saarland.gdpbundespolizeikoblenz.de\/index.php?rest_route=%2Fwp%2Fv2%2Fcomments&post=3149"}],"version-history":[{"count":1,"href":"https:\/\/kg-saarland.gdpbundespolizeikoblenz.de\/index.php?rest_route=\/wp\/v2\/posts\/3149\/revisions"}],"predecessor-version":[{"id":3150,"href":"https:\/\/kg-saarland.gdpbundespolizeikoblenz.de\/index.php?rest_route=\/wp\/v2\/posts\/3149\/revisions\/3150"}],"wp:attachment":[{"href":"https:\/\/kg-saarland.gdpbundespolizeikoblenz.de\/index.php?rest_route=%2Fwp%2Fv2%2Fmedia&parent=3149"}],"wp:term":[{"taxonomy":"category","embeddable":true,"href":"https:\/\/kg-saarland.gdpbundespolizeikoblenz.de\/index.php?rest_route=%2Fwp%2Fv2%2Fcategories&post=3149"},{"taxonomy":"post_tag","embeddable":true,"href":"https:\/\/kg-saarland.gdpbundespolizeikoblenz.de\/index.php?rest_route=%2Fwp%2Fv2%2Ftags&post=3149"}],"curies":[{"name":"wp","href":"https:\/\/api.w.org\/{rel}","templated":true}]}}