{"id":3151,"date":"2023-03-10T12:44:25","date_gmt":"2023-03-10T11:44:25","guid":{"rendered":"https:\/\/kg-saarland.gdpbundespolizeikoblenz.de\/?p=3151"},"modified":"2023-03-24T13:23:01","modified_gmt":"2023-03-24T12:23:01","slug":"gdp-seniorengruppe-dringend-notwendige-gesamtreform-der-pflegeversicherung-wieder-einmal-vertagt-gerk-plaene-der-bundesregierung-zur-unterstuetzung-und-entlastung-in-der-pflege-gehen-am-bedarf-vo","status":"publish","type":"post","link":"https:\/\/kg-saarland.gdpbundespolizeikoblenz.de\/?p=3151","title":{"rendered":"GdP-Seniorengruppe: Dringend notwendige Gesamtreform der Pflegeversicherung wieder einmal vertagt &#8212; Gerk: Pl\u00e4ne der Bundesregierung zur Unterst\u00fctzung und Entlastung in der Pflege gehen am Bedarf vorbei. &#8212;"},"content":{"rendered":"<p>GdP-Seniorengruppe: Dringend notwendige Gesamtreform der Pflegeversicherung wieder einmal vertagt &#8212; Gerk: Pl\u00e4ne der Bundesregierung zur Unterst\u00fctzung und Entlastung in der Pflege gehen am Bedarf vorbei. &#8212;<br \/>\nDie GdP-Senioren unterst\u00fctzen die Stellungnahme der Bundesarbeitsgemeinschaft der Seniorenorganisationen (BAGSO) zum Gesetzesentwurf der Bundesregierung zur Pflegeversicherung. Die Bundesregierung vertagt abermals die l\u00e4ngst \u00fcberf\u00e4llige Gesamtreform der Pflegeversicherung. Der vorgelegte Gesetzentwurf zur Unterst\u00fctzung und Entlastung in der Pflege gebe \u201ekeine ausreichenden Antworten auf die dr\u00e4ngenden Fragen in der Pflege\u201c, sagte der Bundesseniorenvorsitzende Ewald Gerk in Berlin. Die GdP-Senioren kritisieren insbesondere, dass der Gesetzesentwurf keine L\u00f6sung f\u00fcr eine stabile und sozialvertr\u00e4gliche Finanzierung der steigenden Kosten in der Pflege bietet und die in der h\u00e4uslichen Pflege engagierten Familienangeh\u00f6rigen wieder einmal im Stich l\u00e4sst.<br \/>\n<a href=\"https:\/\/www.gdp.de\/gdp\/gdp.nsf\/ID\/A4F8B916BDD0C50FC125896E003AFB62?Open\" target=\"_blank\" rel=\"noopener\">GdP-Seniorengruppe: Dringend notwendige Gesamtreform der Pflegeversicherung wieder einmal vertagt &#8212; Gerk: Pl\u00e4ne der Bundesregierung zur Unterst\u00fctzung und Entlastung in der Pflege gehen am Bedarf vorbei. &#8212;<\/a><\/p>\n","protected":false},"excerpt":{"rendered":"<p>GdP-Seniorengruppe: Dringend notwendige Gesamtreform der Pflegeversicherung wieder einmal vertagt &#8212; Gerk: Pl\u00e4ne der Bundesregierung zur Unterst\u00fctzung und Entlastung in der Pflege gehen am Bedarf vorbei. &#8212; Die GdP-Senioren unterst\u00fctzen die Stellungnahme der Bundesarbeitsgemeinschaft der Seniorenorganisationen (BAGSO) zum Gesetzesentwurf der Bundesregierung zur Pflegeversicherung. Die Bundesregierung vertagt abermals die l\u00e4ngst \u00fcberf\u00e4llige Gesamtreform <a class=\"more-link\" href=\"https:\/\/kg-saarland.gdpbundespolizeikoblenz.de\/?p=3151\">Weiterlesen<span class=\"screen-reader-text\">GdP-Seniorengruppe: Dringend notwendige Gesamtreform der Pflegeversicherung wieder einmal vertagt &#8212; Gerk: Pl\u00e4ne der Bundesregierung zur Unterst\u00fctzung und Entlastung in der Pflege gehen am Bedarf vorbei. &#8212;<\/span><span class=\"meta-nav\">&rarr;<\/span><\/a><\/p>\n","protected":false},"author":1,"featured_media":0,"comment_status":"closed","ping_status":"closed","sticky":false,"template":"","format":"standard","meta":{"footnotes":""},"categories":[90],"tags":[],"class_list":["post-3151","post","type-post","status-publish","format-standard","hentry","category-gdp-news"],"_links":{"self":[{"href":"https:\/\/kg-saarland.gdpbundespolizeikoblenz.de\/index.php?rest_route=\/wp\/v2\/posts\/3151","targetHints":{"allow":["GET"]}}],"collection":[{"href":"https:\/\/kg-saarland.gdpbundespolizeikoblenz.de\/index.php?rest_route=\/wp\/v2\/posts"}],"about":[{"href":"https:\/\/kg-saarland.gdpbundespolizeikoblenz.de\/index.php?rest_route=\/wp\/v2\/types\/post"}],"author":[{"embeddable":true,"href":"https:\/\/kg-saarland.gdpbundespolizeikoblenz.de\/index.php?rest_route=\/wp\/v2\/users\/1"}],"replies":[{"embeddable":true,"href":"https:\/\/kg-saarland.gdpbundespolizeikoblenz.de\/index.php?rest_route=%2Fwp%2Fv2%2Fcomments&post=3151"}],"version-history":[{"count":1,"href":"https:\/\/kg-saarland.gdpbundespolizeikoblenz.de\/index.php?rest_route=\/wp\/v2\/posts\/3151\/revisions"}],"predecessor-version":[{"id":3152,"href":"https:\/\/kg-saarland.gdpbundespolizeikoblenz.de\/index.php?rest_route=\/wp\/v2\/posts\/3151\/revisions\/3152"}],"wp:attachment":[{"href":"https:\/\/kg-saarland.gdpbundespolizeikoblenz.de\/index.php?rest_route=%2Fwp%2Fv2%2Fmedia&parent=3151"}],"wp:term":[{"taxonomy":"category","embeddable":true,"href":"https:\/\/kg-saarland.gdpbundespolizeikoblenz.de\/index.php?rest_route=%2Fwp%2Fv2%2Fcategories&post=3151"},{"taxonomy":"post_tag","embeddable":true,"href":"https:\/\/kg-saarland.gdpbundespolizeikoblenz.de\/index.php?rest_route=%2Fwp%2Fv2%2Ftags&post=3151"}],"curies":[{"name":"wp","href":"https:\/\/api.w.org\/{rel}","templated":true}]}}