{"id":3157,"date":"2023-03-24T12:38:57","date_gmt":"2023-03-24T11:38:57","guid":{"rendered":"https:\/\/kg-saarland.gdpbundespolizeikoblenz.de\/?p=3157"},"modified":"2023-05-21T08:00:51","modified_gmt":"2023-05-21T06:00:51","slug":"wir-fuer-euch","status":"publish","type":"post","link":"https:\/\/kg-saarland.gdpbundespolizeikoblenz.de\/?p=3157","title":{"rendered":"Wir f\u00fcr Euch"},"content":{"rendered":"<p><a href=\"https:\/\/kg-saarland.gdpbundespolizeikoblenz.de\/wp-content\/uploads\/2023\/03\/img_1996.jpg\" target=\"_blank\" rel=\"noopener\"><img loading=\"lazy\" decoding=\"async\" class=\"aligncenter size-full wp-image-3163\" src=\"https:\/\/kg-saarland.gdpbundespolizeikoblenz.de\/wp-content\/uploads\/2023\/03\/img_1996.jpg\" alt=\"\" width=\"1024\" height=\"752\" \/><\/a><\/p>\n<p>Am 23. M\u00e4rz 2023 nahmen seitens des Vorstandes der GdP-Kreisgruppe Saarland, Werner Berger und Andreas Kiefer an dem Demonstrationszug des DGB\/Verdi zum, und der anschlie\u00dfenden Abschlusskundgebung auf dem Tbilisser Platz in Saarbr\u00fccken zur Tarifverhandlung 2023 f\u00fcr die Tarifbesch\u00e4ftigten der Kommunen und des Bundes teil. Trotz teils str\u00f6mendem Regen\u00a0 versammelten sich mehrere tausende Teilnehmende vor dem Staatstheater, um den Forderungen Nachdruck zu verleihen. Bekannterma\u00dfen soll das Tarifergebnis f\u00fcr die Beamten \u00fcbernommen werden. Ein ausdr\u00fcckliches Dankesch\u00f6n an die Kolleginnen und Kollegen des GdP-Landesbezirkes Saarland und dessen Vorsitzenden MdL David Maa\u00df, die uns tatkr\u00e4ftig unterst\u00fctzt haben.<\/p>\n","protected":false},"excerpt":{"rendered":"<p>Am 23. M\u00e4rz 2023 nahmen seitens des Vorstandes der GdP-Kreisgruppe Saarland, Werner Berger und Andreas Kiefer an dem Demonstrationszug des DGB\/Verdi zum, und der anschlie\u00dfenden Abschlusskundgebung auf dem Tbilisser Platz in Saarbr\u00fccken zur Tarifverhandlung 2023 f\u00fcr die Tarifbesch\u00e4ftigten der Kommunen und des Bundes teil. Trotz teils str\u00f6mendem Regen\u00a0 versammelten sich <a class=\"more-link\" href=\"https:\/\/kg-saarland.gdpbundespolizeikoblenz.de\/?p=3157\">Weiterlesen<span class=\"screen-reader-text\">Wir f\u00fcr Euch<\/span><span class=\"meta-nav\">&rarr;<\/span><\/a><\/p>\n","protected":false},"author":1,"featured_media":0,"comment_status":"closed","ping_status":"closed","sticky":false,"template":"","format":"standard","meta":{"footnotes":""},"categories":[73,52],"tags":[],"class_list":["post-3157","post","type-post","status-publish","format-standard","hentry","category-aktuell","category-veranstaltungen"],"_links":{"self":[{"href":"https:\/\/kg-saarland.gdpbundespolizeikoblenz.de\/index.php?rest_route=\/wp\/v2\/posts\/3157","targetHints":{"allow":["GET"]}}],"collection":[{"href":"https:\/\/kg-saarland.gdpbundespolizeikoblenz.de\/index.php?rest_route=\/wp\/v2\/posts"}],"about":[{"href":"https:\/\/kg-saarland.gdpbundespolizeikoblenz.de\/index.php?rest_route=\/wp\/v2\/types\/post"}],"author":[{"embeddable":true,"href":"https:\/\/kg-saarland.gdpbundespolizeikoblenz.de\/index.php?rest_route=\/wp\/v2\/users\/1"}],"replies":[{"embeddable":true,"href":"https:\/\/kg-saarland.gdpbundespolizeikoblenz.de\/index.php?rest_route=%2Fwp%2Fv2%2Fcomments&post=3157"}],"version-history":[{"count":1,"href":"https:\/\/kg-saarland.gdpbundespolizeikoblenz.de\/index.php?rest_route=\/wp\/v2\/posts\/3157\/revisions"}],"predecessor-version":[{"id":3160,"href":"https:\/\/kg-saarland.gdpbundespolizeikoblenz.de\/index.php?rest_route=\/wp\/v2\/posts\/3157\/revisions\/3160"}],"wp:attachment":[{"href":"https:\/\/kg-saarland.gdpbundespolizeikoblenz.de\/index.php?rest_route=%2Fwp%2Fv2%2Fmedia&parent=3157"}],"wp:term":[{"taxonomy":"category","embeddable":true,"href":"https:\/\/kg-saarland.gdpbundespolizeikoblenz.de\/index.php?rest_route=%2Fwp%2Fv2%2Fcategories&post=3157"},{"taxonomy":"post_tag","embeddable":true,"href":"https:\/\/kg-saarland.gdpbundespolizeikoblenz.de\/index.php?rest_route=%2Fwp%2Fv2%2Ftags&post=3157"}],"curies":[{"name":"wp","href":"https:\/\/api.w.org\/{rel}","templated":true}]}}