{"id":3420,"date":"2023-07-27T10:03:48","date_gmt":"2023-07-27T08:03:48","guid":{"rendered":"https:\/\/kg-saarland.gdpbundespolizeikoblenz.de\/?p=3420"},"modified":"2023-08-05T19:03:03","modified_gmt":"2023-08-05T17:03:03","slug":"debatte-ueber-grenzkontrollen-gdp-bund-sachsen-brandenburg-und-bundespolizei-nach-spitzengespraech-mit-innenministern-schuster-und-stuebgen-kopelke-gemeinsam-stark-an-nationalen-grenzen","status":"publish","type":"post","link":"https:\/\/kg-saarland.gdpbundespolizeikoblenz.de\/?p=3420","title":{"rendered":"Debatte \u00fcber Grenzkontrollen: GdP Bund, Sachsen, Brandenburg und Bundespolizei nach Spitzengespr\u00e4ch mit Innenministern Schuster und St\u00fcbgen &#8212; Kopelke: Gemeinsam stark an nationalen Grenzen &#8211; Keine Alleing\u00e4nge &#8212;"},"content":{"rendered":"<p>Debatte \u00fcber Grenzkontrollen: GdP Bund, Sachsen, Brandenburg und Bundespolizei nach Spitzengespr\u00e4ch mit Innenministern Schuster und St\u00fcbgen &#8212; Kopelke: Gemeinsam stark an nationalen Grenzen \u2013 Keine Alleing\u00e4nge &#8211;&#013;<br \/>\nDie Bundespolizei, das Bundeskriminalamt, der Zoll sowie die Landespolizeien m\u00fcssen nach Auffassung der Gewerkschaft der Polizei (GdP) als kraftvoller Motor der Kriminalit\u00e4tsbek\u00e4mpfung in den Grenzregionen eingesetzt werden. Eine st\u00e4rke Polizeipr\u00e4senz sei jedoch erst m\u00f6glich, wenn die Haushalte sp\u00fcrbar nachgebessert w\u00fcrden, betonte der GdP-Bundesvorsitzende Jochen Kopelke nach dem Gespr\u00e4ch einer GdP-Delegation mit den Innenministern Sachsens und Brandenburgs, Armin Schuster und Michael St\u00fcbgen, am Donnerstag in Dresden.&#013;<br \/>\n<a href=\"https:\/\/www.gdp.de\/gdp\/gdp.nsf\/ID\/24E6CB21DC0AD623C12589F9002C4431?Open\" target=\"_blank\" rel=\"noopener\">Debatte \u00fcber Grenzkontrollen: GdP Bund, Sachsen, Brandenburg und Bundespolizei nach Spitzengespr\u00e4ch mit Innenministern Schuster und St\u00fcbgen &#8212; Kopelke: Gemeinsam stark an nationalen Grenzen \u2013 Keine Alleing\u00e4nge &#8212;<\/a>&#013;<\/p>\n","protected":false},"excerpt":{"rendered":"<p>Debatte \u00fcber Grenzkontrollen: GdP Bund, Sachsen, Brandenburg und Bundespolizei nach Spitzengespr\u00e4ch mit Innenministern Schuster und St\u00fcbgen &#8212; Kopelke: Gemeinsam stark an nationalen Grenzen \u2013 Keine Alleing\u00e4nge &#8211;&#013; Die Bundespolizei, das Bundeskriminalamt, der Zoll sowie die Landespolizeien m\u00fcssen nach Auffassung der Gewerkschaft der Polizei (GdP) als kraftvoller Motor der Kriminalit\u00e4tsbek\u00e4mpfung in <a class=\"more-link\" href=\"https:\/\/kg-saarland.gdpbundespolizeikoblenz.de\/?p=3420\">Weiterlesen<span class=\"screen-reader-text\">Debatte \u00fcber Grenzkontrollen: GdP Bund, Sachsen, Brandenburg und Bundespolizei nach Spitzengespr\u00e4ch mit Innenministern Schuster und St\u00fcbgen &#8212; Kopelke: Gemeinsam stark an nationalen Grenzen &#8211; Keine Alleing\u00e4nge &#8212;<\/span><span class=\"meta-nav\">&rarr;<\/span><\/a><\/p>\n","protected":false},"author":0,"featured_media":0,"comment_status":"false","ping_status":"closed","sticky":false,"template":"","format":"standard","meta":{"footnotes":""},"categories":[90],"tags":[69],"class_list":["post-3420","post","type-post","status-publish","format-standard","hentry","category-gdp-news","tag-50-jahre-gdp-migliedschaft"],"_links":{"self":[{"href":"https:\/\/kg-saarland.gdpbundespolizeikoblenz.de\/index.php?rest_route=\/wp\/v2\/posts\/3420","targetHints":{"allow":["GET"]}}],"collection":[{"href":"https:\/\/kg-saarland.gdpbundespolizeikoblenz.de\/index.php?rest_route=\/wp\/v2\/posts"}],"about":[{"href":"https:\/\/kg-saarland.gdpbundespolizeikoblenz.de\/index.php?rest_route=\/wp\/v2\/types\/post"}],"replies":[{"embeddable":true,"href":"https:\/\/kg-saarland.gdpbundespolizeikoblenz.de\/index.php?rest_route=%2Fwp%2Fv2%2Fcomments&post=3420"}],"version-history":[{"count":1,"href":"https:\/\/kg-saarland.gdpbundespolizeikoblenz.de\/index.php?rest_route=\/wp\/v2\/posts\/3420\/revisions"}],"predecessor-version":[{"id":3421,"href":"https:\/\/kg-saarland.gdpbundespolizeikoblenz.de\/index.php?rest_route=\/wp\/v2\/posts\/3420\/revisions\/3421"}],"wp:attachment":[{"href":"https:\/\/kg-saarland.gdpbundespolizeikoblenz.de\/index.php?rest_route=%2Fwp%2Fv2%2Fmedia&parent=3420"}],"wp:term":[{"taxonomy":"category","embeddable":true,"href":"https:\/\/kg-saarland.gdpbundespolizeikoblenz.de\/index.php?rest_route=%2Fwp%2Fv2%2Fcategories&post=3420"},{"taxonomy":"post_tag","embeddable":true,"href":"https:\/\/kg-saarland.gdpbundespolizeikoblenz.de\/index.php?rest_route=%2Fwp%2Fv2%2Ftags&post=3420"}],"curies":[{"name":"wp","href":"https:\/\/api.w.org\/{rel}","templated":true}]}}