{"id":3476,"date":"2024-01-18T09:44:33","date_gmt":"2024-01-18T08:44:33","guid":{"rendered":"https:\/\/kg-saarland.gdpbundespolizeikoblenz.de\/?p=3476"},"modified":"2024-01-18T09:44:33","modified_gmt":"2024-01-18T08:44:33","slug":"saarlaendischer-innenminister-fuer-internationale-dienststelle-gegen-kriminalitaet","status":"publish","type":"post","link":"https:\/\/kg-saarland.gdpbundespolizeikoblenz.de\/?p=3476","title":{"rendered":"Saarl\u00e4ndischer Innenminister f\u00fcr internationale Dienststelle gegen Kriminalit\u00e4t"},"content":{"rendered":"<p class=\"paragraph article__item\">Jost f\u00fcr bessere internationale Kriminalit\u00e4tsbek\u00e4mpfung<\/p>\n<p class=\" css-13wylk3\" data-manual=\"paragraph\">Saarbr\u00fccken (dpa\/lrs) &#8211; Der saarl\u00e4ndische Innenminister Reinhold Jost (SPD) hat sich f\u00fcr eine gemeinsame, internationale Dienststelle zur Aus-, Fort- und Weiterbildung zur grenz\u00fcberschreitenden Kriminalit\u00e4tsbek\u00e4mpfung ausgesprochen. Die Idee st\u00f6\u00dft auf Unterst\u00fctzung bei der Gewerkschaft der <a href=\"https:\/\/www.sueddeutsche.de\/thema\/Polizei\">Polizei<\/a> (GdP) im Land.<\/p>\n<p class=\" css-13wylk3\" data-manual=\"paragraph\">Gerade das Saarland als &#8222;das europ\u00e4ischste aller deutschen Bundesl\u00e4nder im Dreil\u00e4ndereck mit <a href=\"https:\/\/www.sueddeutsche.de\/thema\/Deutschland\">Deutschland<\/a>, Frankreich und Luxemburg&#8220; sei daf\u00fcr geeignet, solche \u00dcberlegungen als &#8222;Real-Labor&#8220; voranzutreiben, sagte Jost am Freitagabend beim Jahresempfang der GdP in Saarbr\u00fccken. Daran beteiligt werden sollten neben Bundespolizei und Zoll auch die Landespolizeien aus Rheinland-Pfalz und dem Saarland, &#8222;vor allen Dingen aber auch die Freundinnen und Freunde aus Luxemburg und Frankreich&#8220;.<\/p>\n<p class=\" css-13wylk3\" data-manual=\"paragraph\">Aktuell sei er dabei, mit dem Bundesinnenministerium eine \u00dcberarbeitung der Verwaltungsvorschriften der Zusammenarbeit zwischen dem Bund und dem Land anzugehen. Diese stammten noch aus dem Jahr 1999, &#8222;und damals hie\u00df der Landesinnenminister Friedel L\u00e4pple, der Bundesinnenminister war Otto Schily und f\u00fcr den Zoll hat Hans Eichel unterschrieben&#8220;.<\/p>\n<p class=\" css-13wylk3\" data-manual=\"paragraph\">Er sei der \u00dcberzeugung, &#8222;wir sollten das mal anpassen, auch mit einer st\u00e4rkeren saarl\u00e4ndischen Handschrift&#8220;, so Jost. &#8222;Damit die dort oben sehen, wir sind zwar nicht die Gr\u00f6\u00dften von der Fl\u00e4che, aber wir haben einen Anspruch, der nicht hinter den anderen hintenansteht, die vielleicht ein bisschen gr\u00f6\u00dfer unterwegs sind.&#8220; Er wolle sich dies zur Aufgabe machen und bedanke sich auch f\u00fcr den &#8222;Input&#8220; der Kolleginnen und Kollegen von der GdP-Bundespolizei.<\/p>\n<p class=\" css-13wylk3\" data-manual=\"paragraph\">Der saarl\u00e4ndische GdP-Landesvorsitzende, Andreas Rinnert, teilte am Sonntag mit Blick auf eine solche Dienstelle mit: &#8222;In Zeiten des f\u00f6deralen sowie europ\u00e4ischen Flickenteppichs, in der die Polizeien in jedem Bundesland, in unseren Bundesbeh\u00f6rden und auch in unseren Nachbarstaaten jeweils unterschiedlich ausgestattet oder ausgebildet werden, ist dies eine hervorragende M\u00f6glichkeit, Synergien zu schaffen.&#8220; Grenz\u00fcberschreitende Sicherheit sei ein &#8222;wesentlicher Garant f\u00fcr ein friedliches Miteinander in Europa&#8220;. Kriminelle in dem Dreil\u00e4ndereck interessierten sich nicht f\u00fcr L\u00e4nder- oder Staatsgrenzen &#8211; &#8222;dann d\u00fcrfen wir es auch nicht&#8220;. Nun seien das Bundesinnenministerium, aber auch das Bundesfinanzministerium am Zug.<\/p>\n<p class=\" css-13wylk3\" data-manual=\"paragraph\">Quelle: <a href=\"https:\/\/www.sueddeutsche.de\/panorama\/polizei-jost-fuer-bessere-internationale-kriminalitaetsbekaempfung-dpa.urn-newsml-dpa-com-20090101-240114-99-604793\">S\u00fcddeutsche Zeitung<\/a> und <a href=\"https:\/\/www.zeit.de\/news\/2024-01\/13\/jost-fuer-internationale-dienststelle-gegen-kriminalitaet?fbclid=IwAR0FSQ1NyFUuTA8uwcP4kp81D18n5JNgLtTvZSU-mv5WLWmXge6ITVRUjD4\">Zeit Online<\/a><\/p>\n<p class=\" css-13wylk3\" data-manual=\"paragraph\">\n","protected":false},"excerpt":{"rendered":"<p>Jost f\u00fcr bessere internationale Kriminalit\u00e4tsbek\u00e4mpfung Saarbr\u00fccken (dpa\/lrs) &#8211; Der saarl\u00e4ndische Innenminister Reinhold Jost (SPD) hat sich f\u00fcr eine gemeinsame, internationale Dienststelle zur Aus-, Fort- und Weiterbildung zur grenz\u00fcberschreitenden Kriminalit\u00e4tsbek\u00e4mpfung ausgesprochen. Die Idee st\u00f6\u00dft auf Unterst\u00fctzung bei der Gewerkschaft der Polizei (GdP) im Land. Gerade das Saarland als &#8222;das europ\u00e4ischste aller <a class=\"more-link\" href=\"https:\/\/kg-saarland.gdpbundespolizeikoblenz.de\/?p=3476\">Weiterlesen<span class=\"screen-reader-text\">Saarl\u00e4ndischer Innenminister f\u00fcr internationale Dienststelle gegen Kriminalit\u00e4t<\/span><span class=\"meta-nav\">&rarr;<\/span><\/a><\/p>\n","protected":false},"author":1,"featured_media":0,"comment_status":"closed","ping_status":"closed","sticky":false,"template":"","format":"standard","meta":{"footnotes":""},"categories":[10,125],"tags":[],"class_list":["post-3476","post","type-post","status-publish","format-standard","hentry","category-allgemein","category-presse"],"_links":{"self":[{"href":"https:\/\/kg-saarland.gdpbundespolizeikoblenz.de\/index.php?rest_route=\/wp\/v2\/posts\/3476","targetHints":{"allow":["GET"]}}],"collection":[{"href":"https:\/\/kg-saarland.gdpbundespolizeikoblenz.de\/index.php?rest_route=\/wp\/v2\/posts"}],"about":[{"href":"https:\/\/kg-saarland.gdpbundespolizeikoblenz.de\/index.php?rest_route=\/wp\/v2\/types\/post"}],"author":[{"embeddable":true,"href":"https:\/\/kg-saarland.gdpbundespolizeikoblenz.de\/index.php?rest_route=\/wp\/v2\/users\/1"}],"replies":[{"embeddable":true,"href":"https:\/\/kg-saarland.gdpbundespolizeikoblenz.de\/index.php?rest_route=%2Fwp%2Fv2%2Fcomments&post=3476"}],"version-history":[{"count":0,"href":"https:\/\/kg-saarland.gdpbundespolizeikoblenz.de\/index.php?rest_route=\/wp\/v2\/posts\/3476\/revisions"}],"wp:attachment":[{"href":"https:\/\/kg-saarland.gdpbundespolizeikoblenz.de\/index.php?rest_route=%2Fwp%2Fv2%2Fmedia&parent=3476"}],"wp:term":[{"taxonomy":"category","embeddable":true,"href":"https:\/\/kg-saarland.gdpbundespolizeikoblenz.de\/index.php?rest_route=%2Fwp%2Fv2%2Fcategories&post=3476"},{"taxonomy":"post_tag","embeddable":true,"href":"https:\/\/kg-saarland.gdpbundespolizeikoblenz.de\/index.php?rest_route=%2Fwp%2Fv2%2Ftags&post=3476"}],"curies":[{"name":"wp","href":"https:\/\/api.w.org\/{rel}","templated":true}]}}