{"id":3483,"date":"2024-01-19T10:49:16","date_gmt":"2024-01-19T09:49:16","guid":{"rendered":"https:\/\/kg-saarland.gdpbundespolizeikoblenz.de\/?p=3483"},"modified":"2024-01-19T10:49:16","modified_gmt":"2024-01-19T09:49:16","slug":"e-learning-in-der-bundespolizei-dienstvereinbarung-zur-einfuehrung-von-e-learning-unterzeichnet","status":"publish","type":"post","link":"https:\/\/kg-saarland.gdpbundespolizeikoblenz.de\/?p=3483","title":{"rendered":"E-Learning in der Bundespolizei &#8211; Dienstvereinbarung zur Einf\u00fchrung von E-Learning unterzeichnet"},"content":{"rendered":"<p>Am 15. Januar 2024 war es soweit: Der Pr\u00e4sident des Bundespolizeipr\u00e4sidiums, Dr. Dieter Romann, und die Vorsitzende des Bezirkspersonalrats beim Bundespolizeipr\u00e4sidium, Judith Hausknecht (GdP), unterzeichneten die Dienstvereinbarung E-Learning. Diese Dienstvereinbarung regelt die Einf\u00fchrung und Anwendung von Lernen mit Unterst\u00fctzung digitaler Medien, das extern im freien Internet \u00fcber ein Lernmanagement-System (derzeit ILIAS) bereitgestellt wird.<\/p>\n<p>Im Jahr 2016 beauftragte der BPR beim BPOLP eine Anwaltskanzlei bzgl. der Einstellungs- und Ausbildungsoffensive in der Bundespolizei. Ein im Gutachten untersuchter Sachverhalt war die Frage der Einf\u00fchrung einer elektronischen Lernplattform (E-Learning) sowohl im Hinblick auf die Fortbildung der Besch\u00e4ftigten, als auch zur Einf\u00fchrung einer grundlegend \u201eneuen\u201c Arbeitsmethode. Nach \u00dcbersendung des Gutachtens an die Beh\u00f6rde wurde durch den Pr\u00e4sidenten der Bundespolizei\u00a0die Beteiligung zugesichert. Seit dem Jahr 2018 hat E-Learning in der Bundespolizei Projektstatus und es wurde beh\u00f6rdlicherseits an einer Dienstvereinbarung gearbeitet.<\/p>\n<p>Gem\u00e4\u00df der Dienstvereinbarung wird den Teilnehmenden die M\u00f6glichkeit er\u00f6ffnet, private Endger\u00e4te unter Ber\u00fccksichtigung der technischen Mindestanforderungen zu verwenden. K\u00f6nnen oder m\u00f6chten Teilnehmende von dieser M\u00f6glichkeit keinen Gebrauch machen, so soll in ausreichendem Umfang dienstliche Hardware f\u00fcr diesen Personenkreis vorgehalten werden, um den Zugriff auf die Online-Lernangebote sicherzustellen.<\/p>\n<p>Die Dienstvereinbarung und die Anlagen sind im Intranet der BPOL eingestellt.<\/p>\n","protected":false},"excerpt":{"rendered":"<p>Am 15. Januar 2024 war es soweit: Der Pr\u00e4sident des Bundespolizeipr\u00e4sidiums, Dr. Dieter Romann, und die Vorsitzende des Bezirkspersonalrats beim Bundespolizeipr\u00e4sidium, Judith Hausknecht (GdP), unterzeichneten die Dienstvereinbarung E-Learning. Diese Dienstvereinbarung regelt die Einf\u00fchrung und Anwendung von Lernen mit Unterst\u00fctzung digitaler Medien, das extern im freien Internet \u00fcber ein Lernmanagement-System (derzeit <a class=\"more-link\" href=\"https:\/\/kg-saarland.gdpbundespolizeikoblenz.de\/?p=3483\">Weiterlesen<span class=\"screen-reader-text\">E-Learning in der Bundespolizei &#8211; Dienstvereinbarung zur Einf\u00fchrung von E-Learning unterzeichnet<\/span><span class=\"meta-nav\">&rarr;<\/span><\/a><\/p>\n","protected":false},"author":1,"featured_media":0,"comment_status":"closed","ping_status":"closed","sticky":false,"template":"","format":"standard","meta":{"footnotes":""},"categories":[126],"tags":[],"class_list":["post-3483","post","type-post","status-publish","format-standard","hentry","category-dienstvereinbarung"],"_links":{"self":[{"href":"https:\/\/kg-saarland.gdpbundespolizeikoblenz.de\/index.php?rest_route=\/wp\/v2\/posts\/3483","targetHints":{"allow":["GET"]}}],"collection":[{"href":"https:\/\/kg-saarland.gdpbundespolizeikoblenz.de\/index.php?rest_route=\/wp\/v2\/posts"}],"about":[{"href":"https:\/\/kg-saarland.gdpbundespolizeikoblenz.de\/index.php?rest_route=\/wp\/v2\/types\/post"}],"author":[{"embeddable":true,"href":"https:\/\/kg-saarland.gdpbundespolizeikoblenz.de\/index.php?rest_route=\/wp\/v2\/users\/1"}],"replies":[{"embeddable":true,"href":"https:\/\/kg-saarland.gdpbundespolizeikoblenz.de\/index.php?rest_route=%2Fwp%2Fv2%2Fcomments&post=3483"}],"version-history":[{"count":0,"href":"https:\/\/kg-saarland.gdpbundespolizeikoblenz.de\/index.php?rest_route=\/wp\/v2\/posts\/3483\/revisions"}],"wp:attachment":[{"href":"https:\/\/kg-saarland.gdpbundespolizeikoblenz.de\/index.php?rest_route=%2Fwp%2Fv2%2Fmedia&parent=3483"}],"wp:term":[{"taxonomy":"category","embeddable":true,"href":"https:\/\/kg-saarland.gdpbundespolizeikoblenz.de\/index.php?rest_route=%2Fwp%2Fv2%2Fcategories&post=3483"},{"taxonomy":"post_tag","embeddable":true,"href":"https:\/\/kg-saarland.gdpbundespolizeikoblenz.de\/index.php?rest_route=%2Fwp%2Fv2%2Ftags&post=3483"}],"curies":[{"name":"wp","href":"https:\/\/api.w.org\/{rel}","templated":true}]}}