{"id":3491,"date":"2023-07-12T23:36:43","date_gmt":"2023-07-12T21:36:43","guid":{"rendered":"https:\/\/kg-saarland.gdpbundespolizeikoblenz.de\/?p=3491"},"modified":"2024-01-20T07:41:02","modified_gmt":"2024-01-20T06:41:02","slug":"besuch-an-der-grenze-gdp-chef-auf-den-spuren-deutsch-franzoesischer-zusammenarbeit","status":"publish","type":"post","link":"https:\/\/kg-saarland.gdpbundespolizeikoblenz.de\/?p=3491","title":{"rendered":"Besuch an der Grenze: GdP-Chef auf den Spuren deutsch-franz\u00f6sischer Zusammenarbeit"},"content":{"rendered":"<p>Zwar sagen Kritiker, das vereinte Europa bef\u00f6rdere nicht zuletzt eine grenzenlose Kriminalit\u00e4t, auf der Seite der europ\u00e4ischen Polizeien sorgt Europa jedoch vor allem f\u00fcr eine immer bessere grenz\u00fcberschreitende Zusammenarbeit. Ein Bild davon machten sich der GdP-Bundesvorsitzende <strong>Jochen Kopelke<\/strong> und <strong>Roland Voss<\/strong>, Mitglied des Gesch\u00e4ftsf\u00fchrenden Bezirksvorstandes der GdP Bundespolizei | Zoll am Dienstag bei zwei Terminen an der Grenze zu unseren franz\u00f6sischen Nachbarn. Die die Schlagzeilen der letzten Zeit dominierenden Ausschreitungen in Frankreich, verbunden mit heftigen Angriffen auf die franz\u00f6sische Polizei, bildeten den thematischen Hintergrund des Besuches der beiden Gewerkschafter.<\/p>\n<p>Mehr unter: <a href=\"https:\/\/www.gdp.de\/gdp\/gdp.nsf\/id\/DE_Besuch-an-der-Grenze-GdP-Chef-auf-den-Spuren-deutsch-franzoesischer-Zusammenarbeit?open&amp;ccm=300040\">www.gdp.de<\/a><\/p>\n<p>&nbsp;<\/p>\n","protected":false},"excerpt":{"rendered":"<p>Zwar sagen Kritiker, das vereinte Europa bef\u00f6rdere nicht zuletzt eine grenzenlose Kriminalit\u00e4t, auf der Seite der europ\u00e4ischen Polizeien sorgt Europa jedoch vor allem f\u00fcr eine immer bessere grenz\u00fcberschreitende Zusammenarbeit. Ein Bild davon machten sich der GdP-Bundesvorsitzende Jochen Kopelke und Roland Voss, Mitglied des Gesch\u00e4ftsf\u00fchrenden Bezirksvorstandes der GdP Bundespolizei | Zoll <a class=\"more-link\" href=\"https:\/\/kg-saarland.gdpbundespolizeikoblenz.de\/?p=3491\">Weiterlesen<span class=\"screen-reader-text\">Besuch an der Grenze: GdP-Chef auf den Spuren deutsch-franz\u00f6sischer Zusammenarbeit<\/span><span class=\"meta-nav\">&rarr;<\/span><\/a><\/p>\n","protected":false},"author":1,"featured_media":0,"comment_status":"closed","ping_status":"closed","sticky":false,"template":"","format":"standard","meta":{"footnotes":""},"categories":[1],"tags":[34,130,128,129],"class_list":["post-3491","post","type-post","status-publish","format-standard","hentry","category-uncategorized","tag-grenze","tag-internationale-zusammenarbeit","tag-kopelke","tag-voss-europa"],"_links":{"self":[{"href":"https:\/\/kg-saarland.gdpbundespolizeikoblenz.de\/index.php?rest_route=\/wp\/v2\/posts\/3491","targetHints":{"allow":["GET"]}}],"collection":[{"href":"https:\/\/kg-saarland.gdpbundespolizeikoblenz.de\/index.php?rest_route=\/wp\/v2\/posts"}],"about":[{"href":"https:\/\/kg-saarland.gdpbundespolizeikoblenz.de\/index.php?rest_route=\/wp\/v2\/types\/post"}],"author":[{"embeddable":true,"href":"https:\/\/kg-saarland.gdpbundespolizeikoblenz.de\/index.php?rest_route=\/wp\/v2\/users\/1"}],"replies":[{"embeddable":true,"href":"https:\/\/kg-saarland.gdpbundespolizeikoblenz.de\/index.php?rest_route=%2Fwp%2Fv2%2Fcomments&post=3491"}],"version-history":[{"count":0,"href":"https:\/\/kg-saarland.gdpbundespolizeikoblenz.de\/index.php?rest_route=\/wp\/v2\/posts\/3491\/revisions"}],"wp:attachment":[{"href":"https:\/\/kg-saarland.gdpbundespolizeikoblenz.de\/index.php?rest_route=%2Fwp%2Fv2%2Fmedia&parent=3491"}],"wp:term":[{"taxonomy":"category","embeddable":true,"href":"https:\/\/kg-saarland.gdpbundespolizeikoblenz.de\/index.php?rest_route=%2Fwp%2Fv2%2Fcategories&post=3491"},{"taxonomy":"post_tag","embeddable":true,"href":"https:\/\/kg-saarland.gdpbundespolizeikoblenz.de\/index.php?rest_route=%2Fwp%2Fv2%2Ftags&post=3491"}],"curies":[{"name":"wp","href":"https:\/\/api.w.org\/{rel}","templated":true}]}}