{"id":3508,"date":"2024-01-23T08:36:14","date_gmt":"2024-01-23T07:36:14","guid":{"rendered":"https:\/\/kg-saarland.gdpbundespolizeikoblenz.de\/?p=3508"},"modified":"2024-01-23T08:36:14","modified_gmt":"2024-01-23T07:36:14","slug":"kritik-an-gesetzt-zum-bundespolizeibeauftragten","status":"publish","type":"post","link":"https:\/\/kg-saarland.gdpbundespolizeikoblenz.de\/?p=3508","title":{"rendered":"Kritik an Gesetzt zum Bundespolizeibeauftragten"},"content":{"rendered":"<header class=\"content-detail-header clearfix\">\n<div class=\"teaser\">\n<p>Die GdP hat bereits in einer Anh\u00f6rung im Innenausschuss des Deutschen Bundestages klar Stellung zum Polizeibeauftragtengesetz genommen und den Entwurf abgelehnt.<\/p>\n<h1 class=\"headline\">Die GdP lehnt Entwurf zum Polizeibeauftragtengesetz (PolBeauftrG) ab!<\/h1>\n<p class=\"abstract\">In ihrer umfassenden Stellungnahme erl\u00e4utert die GdP die Gr\u00fcnde.<\/p>\n<\/div>\n<\/header>\n<div class=\"content content-rtf clearfix\">\n<p>Diese k\u00f6nnt Ihr hier nachlesen: <a href=\"https:\/\/kg-saarland.gdpbundespolizeikoblenz.de\/wp-content\/uploads\/2024\/01\/Stellungnahme-GdP-zum-neuen-BPOLG.pdf\">Stellungnahme GdP zum neuen BPOLG<\/a><\/p>\n<p>Weitere Informationen zum Gang des <a href=\"https:\/\/www.bundestag.de\/dokumente\/textarchiv\/2023\/kw45-de-polizeibeauftragter-975804\">Gesetzgebungsverfahrens findet ihr hier<\/a><\/p>\n<\/div>\n<div><\/div>\n<div>Quelle: <a href=\"https:\/\/www.gdp.de\/gdp\/gdpbupo.nsf\/id\/de_gdp-lehnt-entwurf-zum-polizeibeauftragtengesetz-ab\">www.gdp.de<\/a><\/div>\n","protected":false},"excerpt":{"rendered":"<p>Die GdP hat bereits in einer Anh\u00f6rung im Innenausschuss des Deutschen Bundestages klar Stellung zum Polizeibeauftragtengesetz genommen und den Entwurf abgelehnt. Die GdP lehnt Entwurf zum Polizeibeauftragtengesetz (PolBeauftrG) ab! In ihrer umfassenden Stellungnahme erl\u00e4utert die GdP die Gr\u00fcnde. Diese k\u00f6nnt Ihr hier nachlesen: Stellungnahme GdP zum neuen BPOLG Weitere Informationen <a class=\"more-link\" href=\"https:\/\/kg-saarland.gdpbundespolizeikoblenz.de\/?p=3508\">Weiterlesen<span class=\"screen-reader-text\">Kritik an Gesetzt zum Bundespolizeibeauftragten<\/span><span class=\"meta-nav\">&rarr;<\/span><\/a><\/p>\n","protected":false},"author":1,"featured_media":0,"comment_status":"closed","ping_status":"closed","sticky":false,"template":"","format":"standard","meta":{"footnotes":""},"categories":[1],"tags":[139,138],"class_list":["post-3508","post","type-post","status-publish","format-standard","hentry","category-uncategorized","tag-polbeauftrg","tag-polizeibeauftragter"],"_links":{"self":[{"href":"https:\/\/kg-saarland.gdpbundespolizeikoblenz.de\/index.php?rest_route=\/wp\/v2\/posts\/3508","targetHints":{"allow":["GET"]}}],"collection":[{"href":"https:\/\/kg-saarland.gdpbundespolizeikoblenz.de\/index.php?rest_route=\/wp\/v2\/posts"}],"about":[{"href":"https:\/\/kg-saarland.gdpbundespolizeikoblenz.de\/index.php?rest_route=\/wp\/v2\/types\/post"}],"author":[{"embeddable":true,"href":"https:\/\/kg-saarland.gdpbundespolizeikoblenz.de\/index.php?rest_route=\/wp\/v2\/users\/1"}],"replies":[{"embeddable":true,"href":"https:\/\/kg-saarland.gdpbundespolizeikoblenz.de\/index.php?rest_route=%2Fwp%2Fv2%2Fcomments&post=3508"}],"version-history":[{"count":0,"href":"https:\/\/kg-saarland.gdpbundespolizeikoblenz.de\/index.php?rest_route=\/wp\/v2\/posts\/3508\/revisions"}],"wp:attachment":[{"href":"https:\/\/kg-saarland.gdpbundespolizeikoblenz.de\/index.php?rest_route=%2Fwp%2Fv2%2Fmedia&parent=3508"}],"wp:term":[{"taxonomy":"category","embeddable":true,"href":"https:\/\/kg-saarland.gdpbundespolizeikoblenz.de\/index.php?rest_route=%2Fwp%2Fv2%2Fcategories&post=3508"},{"taxonomy":"post_tag","embeddable":true,"href":"https:\/\/kg-saarland.gdpbundespolizeikoblenz.de\/index.php?rest_route=%2Fwp%2Fv2%2Ftags&post=3508"}],"curies":[{"name":"wp","href":"https:\/\/api.w.org\/{rel}","templated":true}]}}