{"id":3536,"date":"2024-01-25T07:44:31","date_gmt":"2024-01-25T06:44:31","guid":{"rendered":"https:\/\/kg-saarland.gdpbundespolizeikoblenz.de\/?p=3536"},"modified":"2024-01-25T07:44:31","modified_gmt":"2024-01-25T06:44:31","slug":"internationales-polizei-zentrum-in-saarbruecken","status":"publish","type":"post","link":"https:\/\/kg-saarland.gdpbundespolizeikoblenz.de\/?p=3536","title":{"rendered":"Internationales Polizei-Zentrum in Saarbr\u00fccken"},"content":{"rendered":"<p>Saarbr\u00fccker Zeitung vom 25.01.2024<\/p>\n<p><em style=\"font-size: 24px; color: #000000;\">\u201eEs w\u00e4re ein starkes Signal\u201c<\/em><\/p>\n<header class=\"mb-6 desktop:mb-8 park-container-small px-6\">\n<h2><span class=\"font-headlines font-medium text-90 desktop:text-110\" data-cy=\"article_headline\">Saar-Regierung will internationales Polizei-Zentrum in Saarbr\u00fccken<\/span><\/h2>\n<\/header>\n<p class=\"text-50 desktop:text-70 park-container-small px-6 mb-10 desktop:mb-14\"><em class=\"font-semibold\" data-cy=\"dateline\">Saarbr\u00fccken<\/em> \u00b7 <strong data-cy=\"intro\">Innenminister Jost wirbt f\u00fcr die Ansiedlung eines internationalen Ausbildungszentrums der Sicherheitsbeh\u00f6rden in Saarbr\u00fccken. Im Bund gibt es Sympathien f\u00fcr die Idee.<\/strong><\/p>\n<p>\u00a0Zum Artikel: <a href=\"https:\/\/www.saarbruecker-zeitung.de\/saarland\/saarland-landesregierung-will-internationales-polizei-zentrum-in-saarbruecken_aid-105760039\">\u2026hier<\/a><\/p>\n","protected":false},"excerpt":{"rendered":"<p>Saarbr\u00fccker Zeitung vom 25.01.2024 \u201eEs w\u00e4re ein starkes Signal\u201c Saar-Regierung will internationales Polizei-Zentrum in Saarbr\u00fccken Saarbr\u00fccken \u00b7 Innenminister Jost wirbt f\u00fcr die Ansiedlung eines internationalen Ausbildungszentrums der Sicherheitsbeh\u00f6rden in Saarbr\u00fccken. Im Bund gibt es Sympathien f\u00fcr die Idee. \u00a0Zum Artikel: \u2026hier<\/p>\n","protected":false},"author":1,"featured_media":0,"comment_status":"closed","ping_status":"closed","sticky":false,"template":"","format":"standard","meta":{"footnotes":""},"categories":[1],"tags":[],"class_list":["post-3536","post","type-post","status-publish","format-standard","hentry","category-uncategorized"],"_links":{"self":[{"href":"https:\/\/kg-saarland.gdpbundespolizeikoblenz.de\/index.php?rest_route=\/wp\/v2\/posts\/3536","targetHints":{"allow":["GET"]}}],"collection":[{"href":"https:\/\/kg-saarland.gdpbundespolizeikoblenz.de\/index.php?rest_route=\/wp\/v2\/posts"}],"about":[{"href":"https:\/\/kg-saarland.gdpbundespolizeikoblenz.de\/index.php?rest_route=\/wp\/v2\/types\/post"}],"author":[{"embeddable":true,"href":"https:\/\/kg-saarland.gdpbundespolizeikoblenz.de\/index.php?rest_route=\/wp\/v2\/users\/1"}],"replies":[{"embeddable":true,"href":"https:\/\/kg-saarland.gdpbundespolizeikoblenz.de\/index.php?rest_route=%2Fwp%2Fv2%2Fcomments&post=3536"}],"version-history":[{"count":0,"href":"https:\/\/kg-saarland.gdpbundespolizeikoblenz.de\/index.php?rest_route=\/wp\/v2\/posts\/3536\/revisions"}],"wp:attachment":[{"href":"https:\/\/kg-saarland.gdpbundespolizeikoblenz.de\/index.php?rest_route=%2Fwp%2Fv2%2Fmedia&parent=3536"}],"wp:term":[{"taxonomy":"category","embeddable":true,"href":"https:\/\/kg-saarland.gdpbundespolizeikoblenz.de\/index.php?rest_route=%2Fwp%2Fv2%2Fcategories&post=3536"},{"taxonomy":"post_tag","embeddable":true,"href":"https:\/\/kg-saarland.gdpbundespolizeikoblenz.de\/index.php?rest_route=%2Fwp%2Fv2%2Ftags&post=3536"}],"curies":[{"name":"wp","href":"https:\/\/api.w.org\/{rel}","templated":true}]}}