{"id":3582,"date":"2024-02-05T11:24:08","date_gmt":"2024-02-05T10:24:08","guid":{"rendered":"https:\/\/kg-saarland.gdpbundespolizeikoblenz.de\/?p=3582"},"modified":"2024-02-19T16:53:24","modified_gmt":"2024-02-19T15:53:24","slug":"gdp-zu-wenig-parkplaetze-fuer-eigene-beschaeftigte-am-saarbruecker-hauptbahnhof","status":"publish","type":"post","link":"https:\/\/kg-saarland.gdpbundespolizeikoblenz.de\/?p=3582","title":{"rendered":"GdP: Zu wenig Parkpl\u00e4tze f\u00fcr eigene Besch\u00e4ftigte am Saarbr\u00fccker Hauptbahnhof?"},"content":{"rendered":"<p><strong>Klare Forderung der GdP f\u00fcr die eingesetzten Kolleginnen und Kollegen im Bundespolizeirevier am Saarbr\u00fccker Hauptbahnhof: Die Gewerkschaft der Polizei fordert, dass f\u00fcr die Bundespolizei, die 7\/24 ihren Dienst<\/strong> <strong>verrichten muss, ausstreichend Parkpl\u00e4tze zur Verf\u00fcgung gestellt werden.\u00a0<\/strong><\/p>\n<p><a href=\"https:\/\/kg-saarland.gdpbundespolizeikoblenz.de\/wp-content\/uploads\/2024\/02\/IMG_0483.jpeg\"><img loading=\"lazy\" decoding=\"async\" class=\"size-medium wp-image-3581 alignleft\" src=\"https:\/\/kg-saarland.gdpbundespolizeikoblenz.de\/wp-content\/uploads\/2024\/02\/IMG_0483-300x300.jpeg\" alt=\"\" width=\"300\" height=\"300\" \/><\/a>Zu den Hintergr\u00fcnden berichtet die Saarbr\u00fccker Zeitung vom 05.02.2024 ausf\u00fchrlich:<\/p>\n<p><strong><span class=\"block text-40 desktop:text-60 font-semibold text-solid-black dark:text-white-solid mb-4\" data-cy=\"kicker\"><em>Parkplatzsuche in Saarbr\u00fccken<\/em><\/span><\/strong><\/p>\n<p><strong><span class=\"font-headlines font-medium text-90 desktop:text-110\" data-cy=\"article_headline\">Fehlende Parkpl\u00e4tze \u2014 ist die Einsatzbereitschaft der Bundespolizei in Gefahr?<\/span><\/strong><\/p>\n<p>Zum Artikel der Saarbr\u00fccker Zeitung geht es hier: <a href=\"https:\/\/www.saarbruecker-zeitung.de\/saarland\/landespolitik\/gdp-bundespolizei-am-hauptbahnhof-saarbruecken-fehlen-parkplaetze_aid-105603511\" target=\"_blank\" rel=\"noopener\">Saarbr\u00fccker Zeitung<\/a><\/p>\n<p>Werner Berger, Kreisgruppenvorsitzender der GdP Vorsitzende der Bundespolizei im Saarland:<\/p>\n<p><strong><em>\u201eMeine Kolleginnen und Kollegen m\u00fcssen zu jeder Zeit, rund um die Uhr und das ganze Jahr \u00fcber die Dienststelle am Saarbr\u00fccker Hauptbahnhof im Einsatzfall erreichen k\u00f6nnen und m\u00fcssen im Einsatzfall immer in unmittelbarer N\u00e4he zur Dienststelle parken k\u00f6nnen.\u201c<\/em><\/strong><\/p>\n<p>Die GdP setzt sich seit vielen Jahren f\u00fcr einen Umzug der Bundespolizeinspektion von Bexbach nach Saarbr\u00fccken ein, um sowohl den Standort Bexbach weiter zu st\u00e4rken, aber auch den dienstlichen Notwendigkeiten in der Landeshauptstadt Rechnung tragen zu k\u00f6nnen.<\/p>\n<p>\u201eDie GdP begr\u00fc\u00dft die geplanten Entscheidungen und Umstrukturierungen der BPOL im Saarland ausdr\u00fccklich\u201c, sagte Roland Voss bereits im Jahr 2020 gegen\u00fcber der Saarbr\u00fccker Zeitung.<\/p>\n<p><strong><em><a href=\"https:\/\/kg-saarland.gdpbundespolizeikoblenz.de\/wp-content\/uploads\/2024\/02\/IMG_0482.jpeg\"><img loading=\"lazy\" decoding=\"async\" class=\"size-medium wp-image-3579 alignright\" src=\"https:\/\/kg-saarland.gdpbundespolizeikoblenz.de\/wp-content\/uploads\/2024\/02\/IMG_0482-295x300.jpeg\" alt=\"\" width=\"295\" height=\"300\" \/><\/a>Damit ist auch ein BPOL Revier am Neunkircher Bahnhof verbunden. Die Entscheidungen hierf\u00fcr sind bereits getroffen.\u00a0<\/em><\/strong><\/p>\n<p style=\"text-align: left;\">Der Aufgabenschwerpunkt an der Saar liege eindeutig in der Region Saarbr\u00fccken. Die Brennpunktsituation im Bereich Saarbr\u00fccken erfordere h\u00e4ufig die Pr\u00e4senz der Inspektionsleitung und der Dienstgruppenleitung vor Ort. Auch die Neueinrichtung des Reviers am Bahnverkehrskontenpunkt Neunkirchen werde ausdr\u00fccklich begr\u00fc\u00dft, erkl\u00e4rt Werner Berger, Vorsitzender der GdP-Kreisgruppe Saarland.<\/p>\n<p>Auch hier\u00fcber berichtet die Saarbr\u00fccker Zeitung ausf\u00fchrlich. Zum Bericht geht es hier: <a href=\"https:\/\/www.saarbruecker-zeitung.de\/saarland\/landespolitik\/gdp-bundespolizei-am-hauptbahnhof-saarbruecken-fehlen-parkplaetze_aid-105603511\" target=\"_blank\" rel=\"noopener\">Saarbr\u00fccker Zeitung<\/a><\/p>\n<p>Die GdP ist weiterhin bem\u00fcht mit allen Ansprech- und Verhandlungspartnern vern\u00fcnftige und tragf\u00e4hige L\u00f6sungen hinzubekommen.<\/p>\n<p>&nbsp;<\/p>\n","protected":false},"excerpt":{"rendered":"<p>Klare Forderung der GdP f\u00fcr die eingesetzten Kolleginnen und Kollegen im Bundespolizeirevier am Saarbr\u00fccker Hauptbahnhof: Die Gewerkschaft der Polizei fordert, dass f\u00fcr die Bundespolizei, die 7\/24 ihren Dienst verrichten muss, ausstreichend Parkpl\u00e4tze zur Verf\u00fcgung gestellt werden.\u00a0 Zu den Hintergr\u00fcnden berichtet die Saarbr\u00fccker Zeitung vom 05.02.2024 ausf\u00fchrlich: Parkplatzsuche in Saarbr\u00fccken Fehlende <a class=\"more-link\" href=\"https:\/\/kg-saarland.gdpbundespolizeikoblenz.de\/?p=3582\">Weiterlesen<span class=\"screen-reader-text\">GdP: Zu wenig Parkpl\u00e4tze f\u00fcr eigene Besch\u00e4ftigte am Saarbr\u00fccker Hauptbahnhof?<\/span><span class=\"meta-nav\">&rarr;<\/span><\/a><\/p>\n","protected":false},"author":1,"featured_media":0,"comment_status":"closed","ping_status":"closed","sticky":false,"template":"","format":"standard","meta":{"footnotes":""},"categories":[73,90,17],"tags":[144,147,145,146],"class_list":["post-3582","post","type-post","status-publish","format-standard","hentry","category-aktuell","category-gdp-news","category-klartext","tag-bahnhof","tag-hbf","tag-neunkirchen","tag-parkplaetze"],"_links":{"self":[{"href":"https:\/\/kg-saarland.gdpbundespolizeikoblenz.de\/index.php?rest_route=\/wp\/v2\/posts\/3582","targetHints":{"allow":["GET"]}}],"collection":[{"href":"https:\/\/kg-saarland.gdpbundespolizeikoblenz.de\/index.php?rest_route=\/wp\/v2\/posts"}],"about":[{"href":"https:\/\/kg-saarland.gdpbundespolizeikoblenz.de\/index.php?rest_route=\/wp\/v2\/types\/post"}],"author":[{"embeddable":true,"href":"https:\/\/kg-saarland.gdpbundespolizeikoblenz.de\/index.php?rest_route=\/wp\/v2\/users\/1"}],"replies":[{"embeddable":true,"href":"https:\/\/kg-saarland.gdpbundespolizeikoblenz.de\/index.php?rest_route=%2Fwp%2Fv2%2Fcomments&post=3582"}],"version-history":[{"count":0,"href":"https:\/\/kg-saarland.gdpbundespolizeikoblenz.de\/index.php?rest_route=\/wp\/v2\/posts\/3582\/revisions"}],"wp:attachment":[{"href":"https:\/\/kg-saarland.gdpbundespolizeikoblenz.de\/index.php?rest_route=%2Fwp%2Fv2%2Fmedia&parent=3582"}],"wp:term":[{"taxonomy":"category","embeddable":true,"href":"https:\/\/kg-saarland.gdpbundespolizeikoblenz.de\/index.php?rest_route=%2Fwp%2Fv2%2Fcategories&post=3582"},{"taxonomy":"post_tag","embeddable":true,"href":"https:\/\/kg-saarland.gdpbundespolizeikoblenz.de\/index.php?rest_route=%2Fwp%2Fv2%2Ftags&post=3582"}],"curies":[{"name":"wp","href":"https:\/\/api.w.org\/{rel}","templated":true}]}}